{"id":257542,"date":"2025-12-22T20:23:28","date_gmt":"2025-12-22T19:23:28","guid":{"rendered":"http:\/\/www.messinaoggi.it\/website\/?p=257542"},"modified":"2025-12-22T20:24:20","modified_gmt":"2025-12-22T19:24:20","slug":"caos-infernale-la-citta-ostaggio-di-una-strana-visione","status":"publish","type":"post","link":"https:\/\/www.messinaoggi.it\/website\/2025\/12\/22\/caos-infernale-la-citta-ostaggio-di-una-strana-visione\/","title":{"rendered":"Caos infernale, la citt\u00e0 ostaggio di una strana &#8220;visione&#8221;"},"content":{"rendered":"\n<p>Un incidente che ha coinvolto un mezzo pesante in viale della Libert\u00e0 ha generato un caos infernale su viale Giostra e via Garibaldi, oltre che sulla stessa strada che costeggia gli imbarcaderi.<div id=\"div-gpt-ad-Messinaoggi.it-DSK-300x250-corpoart\" style=\"text-align:center;margin:0 auto;\"><\/div><\/p>\n\n\n\n<p>Un pomeriggio di follia con gli automobilisti intrappolati nelle automobili per l&#8217;impraticabilit\u00e0 di viale della Libert\u00e0, dove si \u00e8 verificato l&#8217;incidente. A quanto pare il mezzo avrebbe urtato il rimorchio e questo ha determinato un blocco della circolazione stradale.<div id=\"videoincontent\" style=\"clear:both\";><\/div><\/p>\n\n\n\n<p>Per chi era diretto in centro \u00e8 stato un autentico inferno. Complice la revisione del piano del traffico con restringimento di carreggiate e realizzazione di parcheggi (inutili) di interscambio.<\/p>\n\n\n\n<p>Scelte figli di una non meglio precisata visione. L&#8217;interrogativo che oggi si sono posti gli automobilisti intrappolati \u00e8 stato: &#8220;Ma se dovesse succedere qualcosa, con le strade ridotte cos\u00ec che fine faremo?&#8221;<\/p>\n","protected":false},"excerpt":{"rendered":"<p>Un incidente che ha coinvolto un mezzo pesante in viale della Libert\u00e0 ha generato un caos infernale su viale Giostra e via Garibaldi, oltre che sulla stessa strada che costeggia gli imbarcaderi. Un pomeriggio di follia con gli automobilisti intrappolati nelle automobili per l&#8217;impraticabilit\u00e0 di viale della Libert\u00e0, dove si \u00e8 verificato l&#8217;incidente. A quanto [&hellip;]<\/p>\n","protected":false},"author":2,"featured_media":257543,"comment_status":"open","ping_status":"open","sticky":false,"template":"","format":"standard","meta":{"ub_ctt_via":"","_mi_skip_tracking":false},"categories":[19],"tags":[12200,653,1392],"featured_image_src":"https:\/\/www.messinaoggi.it\/website\/wp-content\/uploads\/2025\/12\/IMG_1102.jpg","author_info":{"display_name":"Redazione","author_link":"https:\/\/www.messinaoggi.it\/website\/author\/redazione\/"},"digistream_id":0,"digistream":false,"_links":{"self":[{"href":"https:\/\/www.messinaoggi.it\/website\/wp-json\/wp\/v2\/posts\/257542"}],"collection":[{"href":"https:\/\/www.messinaoggi.it\/website\/wp-json\/wp\/v2\/posts"}],"about":[{"href":"https:\/\/www.messinaoggi.it\/website\/wp-json\/wp\/v2\/types\/post"}],"author":[{"embeddable":true,"href":"https:\/\/www.messinaoggi.it\/website\/wp-json\/wp\/v2\/users\/2"}],"replies":[{"embeddable":true,"href":"https:\/\/www.messinaoggi.it\/website\/wp-json\/wp\/v2\/comments?post=257542"}],"version-history":[{"count":1,"href":"https:\/\/www.messinaoggi.it\/website\/wp-json\/wp\/v2\/posts\/257542\/revisions"}],"predecessor-version":[{"id":257544,"href":"https:\/\/www.messinaoggi.it\/website\/wp-json\/wp\/v2\/posts\/257542\/revisions\/257544"}],"wp:featuredmedia":[{"embeddable":true,"href":"https:\/\/www.messinaoggi.it\/website\/wp-json\/wp\/v2\/media\/257543"}],"wp:attachment":[{"href":"https:\/\/www.messinaoggi.it\/website\/wp-json\/wp\/v2\/media?parent=257542"}],"wp:term":[{"taxonomy":"category","embeddable":true,"href":"https:\/\/www.messinaoggi.it\/website\/wp-json\/wp\/v2\/categories?post=257542"},{"taxonomy":"post_tag","embeddable":true,"href":"https:\/\/www.messinaoggi.it\/website\/wp-json\/wp\/v2\/tags?post=257542"}],"curies":[{"name":"wp","href":"https:\/\/api.w.org\/{rel}","templated":true}]}}