{"id":257534,"date":"2025-12-22T20:08:06","date_gmt":"2025-12-22T19:08:06","guid":{"rendered":"http:\/\/www.messinaoggi.it\/website\/?p=257534"},"modified":"2025-12-22T20:08:27","modified_gmt":"2025-12-22T19:08:27","slug":"ricercata-da-tre-anni-arrestata-giovane-rumena","status":"publish","type":"post","link":"https:\/\/www.messinaoggi.it\/website\/2025\/12\/22\/ricercata-da-tre-anni-arrestata-giovane-rumena\/","title":{"rendered":"Ricercata da tre anni: arrestata giovane rumena"},"content":{"rendered":"\n<p>Arrestata un rumena latitante da tre anni. Presso lo scalo aereo Fiumicino di Roma, dopo pi\u00f9 di tre anni di latitanza, agenti della Polizia di Stato hanno tratto in arresto la cittadina rumena di anni 20 che nell\u2019agosto del 2022, fuggendo all\u2019estero insieme ad altri suoi connazionali, si era sottratta all\u2019ordine di arresto e traduzione in carcere disposto dal Giudice per le Indagini Preliminari di Barcellona Pozzo di Gotto.<div id=\"div-gpt-ad-Messinaoggi.it-DSK-300x250-corpoart\" style=\"text-align:center;margin:0 auto;\"><\/div><\/p>\n\n\n\n<p>Come avvenuto per altri due cittadini rumeni appartenenti alla stessa organizzazione criminale, gi\u00e0 tratti in arresto in Francia ed in Romania, le ricerche avviate all\u2019estero dai poliziotti del Commissariato di Pubblica Sicurezza di Barcellona Pozzo di Gotto, unitamente al Servizio per la Cooperazione Internazionale di Polizia, anche in questa circostanza hanno consentito di rintracciare la giovane donna nel suo paese d\u2019origine e di farla arrestare dalla polizia rumena in esecuzione al mandato di arresto europeo, prontamente richiesto al Giudice dalla Procura della Repubblica di Barcellona P.G..<div id=\"videoincontent\" style=\"clear:both\";><\/div><\/p>\n\n\n\n<p>Le indagini che nel 2022 erano state condotte dal personale dello stesso Commissariato, coordinate dalla Procura della Repubblica di Barcellona Pozzo di Gotto, avevano consentito di far emergere l\u2019esistenza, in quel centro e a Milazzo, di un\u2019articolata organizzazione costituita da 9 cittadini di origine romena, che, in pochi mesi, si erano resi responsabili di un numero indeterminato di furti di liquori ed altri articoli di valore all\u2019interno dei supermercati dell\u2019hinterland barcellonese e della Sicilia occidentale.<\/p>\n\n\n\n<p>Dalle indagini era inoltre emerso che i malviventi approfittavano spesso della presenza dei figli minori che portavano nell\u2019esercizio commerciale preso di mira, occultando la merce prelevata dagli scaffali all\u2019interno di apposite tasche ricavate nello schienale del passeggino.<\/p>\n\n\n\n<p>La straniera di nazionalit\u00e0 rumena arrestata lo scorso 19 dicembre, rifugiandosi in Romania, era rimasta irreperibile alle autorit\u00e0 italiane sino allo scorso novembre, quando \u00e8 stata rintracciata in quel paese per la successiva consegna alle autorit\u00e0 italiane. Al suo arrivo in aeroporto, dopo le formalit\u00e0 di rito, la giovane cittadina rumena \u00e8 stata presa in carico dal personale della Polizia Penitenziaria e tradotta presso la casa circondariale femminile di Roma-Rebibbia a disposizione dell\u2019Autorit\u00e0 Giudiziaria.<\/p>\n","protected":false},"excerpt":{"rendered":"<p>Arrestata un rumena latitante da tre anni. Presso lo scalo aereo Fiumicino di Roma, dopo pi\u00f9 di tre anni di latitanza, agenti della Polizia di Stato hanno tratto in arresto la cittadina rumena di anni 20 che nell\u2019agosto del 2022, fuggendo all\u2019estero insieme ad altri suoi connazionali, si era sottratta all\u2019ordine di arresto e traduzione [&hellip;]<\/p>\n","protected":false},"author":2,"featured_media":246620,"comment_status":"open","ping_status":"open","sticky":false,"template":"","format":"standard","meta":{"ub_ctt_via":"","_mi_skip_tracking":false},"categories":[13,14],"tags":[3984],"featured_image_src":"https:\/\/www.messinaoggi.it\/website\/wp-content\/uploads\/2025\/07\/polizia.jpg","author_info":{"display_name":"Redazione","author_link":"https:\/\/www.messinaoggi.it\/website\/author\/redazione\/"},"digistream_id":0,"digistream":false,"_links":{"self":[{"href":"https:\/\/www.messinaoggi.it\/website\/wp-json\/wp\/v2\/posts\/257534"}],"collection":[{"href":"https:\/\/www.messinaoggi.it\/website\/wp-json\/wp\/v2\/posts"}],"about":[{"href":"https:\/\/www.messinaoggi.it\/website\/wp-json\/wp\/v2\/types\/post"}],"author":[{"embeddable":true,"href":"https:\/\/www.messinaoggi.it\/website\/wp-json\/wp\/v2\/users\/2"}],"replies":[{"embeddable":true,"href":"https:\/\/www.messinaoggi.it\/website\/wp-json\/wp\/v2\/comments?post=257534"}],"version-history":[{"count":1,"href":"https:\/\/www.messinaoggi.it\/website\/wp-json\/wp\/v2\/posts\/257534\/revisions"}],"predecessor-version":[{"id":257537,"href":"https:\/\/www.messinaoggi.it\/website\/wp-json\/wp\/v2\/posts\/257534\/revisions\/257537"}],"wp:featuredmedia":[{"embeddable":true,"href":"https:\/\/www.messinaoggi.it\/website\/wp-json\/wp\/v2\/media\/246620"}],"wp:attachment":[{"href":"https:\/\/www.messinaoggi.it\/website\/wp-json\/wp\/v2\/media?parent=257534"}],"wp:term":[{"taxonomy":"category","embeddable":true,"href":"https:\/\/www.messinaoggi.it\/website\/wp-json\/wp\/v2\/categories?post=257534"},{"taxonomy":"post_tag","embeddable":true,"href":"https:\/\/www.messinaoggi.it\/website\/wp-json\/wp\/v2\/tags?post=257534"}],"curies":[{"name":"wp","href":"https:\/\/api.w.org\/{rel}","templated":true}]}}