{"id":257509,"date":"2025-12-22T16:31:41","date_gmt":"2025-12-22T15:31:41","guid":{"rendered":"https:\/\/www.messinaoggi.it\/website\/2025\/12\/22\/donna-ferita-a-colpi-di-fucile-a-palermo-la-prefettura-istituisce-una-nuova-zona-rossa\/"},"modified":"2025-12-22T16:31:41","modified_gmt":"2025-12-22T15:31:41","slug":"donna-ferita-a-colpi-di-fucile-a-palermo-la-prefettura-istituisce-una-nuova-zona-rossa","status":"publish","type":"post","link":"https:\/\/www.messinaoggi.it\/website\/2025\/12\/22\/donna-ferita-a-colpi-di-fucile-a-palermo-la-prefettura-istituisce-una-nuova-zona-rossa\/","title":{"rendered":"Donna ferita a colpi di fucile a Palermo, la Prefettura istituisce una nuova \u201czona rossa\u201d"},"content":{"rendered":"<div>\n<p>PALERMO (ITALPRESS) \u2013 <strong>Una quarta \u201czona rossa\u201d, a vigilanza rafforzata, sar\u00e0 istituita dalla Prefettura di Palermo<\/strong>. E\u2019 stato deciso dal Comitato Provinciale per l\u2019Ordine e la Sicurezza Pubblica, convocato dal <strong>prefetto<\/strong> Massimo <strong>Mariani,<\/strong> per una aggiornata valutazione degli assetti della sicurezza urbana, con particolare riferimento all\u2019<strong>area prospiciente Piazza Nasc\u00e8, dove la notte tra sabato e domenica una donna \u00e8 stata ferita a colpi di fucile<\/strong>.<div id=\"div-gpt-ad-Messinaoggi.it-DSK-300x250-corpoart\" style=\"text-align:center;margin:0 auto;\"><\/div><\/p>\n<p><em> \u201cDopo un\u2019attenta disamina delle informazioni al momento disponibili, considerati i positivi risultati fin qui conseguiti nelle aree a vigilanza rafforzata istituite in tre diverse zone del centro di Palermo<\/em> \u2013 si legge in una nota -,<em> \u00e8 stata condivisa l\u2019opportunit\u00e0 di rafforzare ulteriormente le attivit\u00e0 di prevenzione e di controllo gi\u00e0 in atto nella zona gravitante intorno a Via La Lumia, anche in vista delle imminenti Festivit\u00e0 natalizie e di fine anno\u201d. \u201c\u00c8 stata pertanto individuata una nuova area da sottoporre a vigilanza rafforzata per la durata di tre mesi, previa ordinanza del Prefetto\u201d<\/em>, sottolinea la nota, evidenziando ch<em>e \u201cl\u2019area sar\u00e0 circoscritta tra Piazza Don Sturzo, Via Puglisi Bertolino, Piazza Nasc\u00e8, Via Isidoro Carini, Via Archimede, Via Daita, Via Turati e Piazza Don Sturzo\u201d. \u201cLa misura consentir\u00e0 di inibire, anche in questa area, la presenza di persone gi\u00e0 denunciate per attivit\u00e0 illegali e violente, che ne condizionino l\u2019ordinata fruizione mediante condotte in contrasto con l\u2019ordinario svolgimento della convivenza civile, generando un clima di insicurezza ed impedendo il pacifico vivere civile<\/em> \u2013 conclude la nota -. <em>I dispositivi di prevenzione e di controllo del territorio saranno inoltre complessivamente rafforzati nell\u2019intero periodo festivo\u201d.<\/em><div id=\"videoincontent\" style=\"clear:both\";><\/div><\/p>\n<p>\u2013 foto xd8\/Italpress \u2013<\/p>\n<p>(ITALPRESS).<\/p>\n<\/div>\n","protected":false},"excerpt":{"rendered":"<p>PALERMO (ITALPRESS) \u2013 Una quarta \u201czona rossa\u201d, a vigilanza rafforzata, sar\u00e0 istituita dalla Prefettura di Palermo. E\u2019 stato deciso dal Comitato Provinciale per l\u2019Ordine e la Sicurezza Pubblica, convocato dal prefetto Massimo Mariani, per una aggiornata valutazione degli assetti della sicurezza urbana, con particolare riferimento all\u2019area prospiciente Piazza Nasc\u00e8, dove la notte tra sabato e [&hellip;]<\/p>\n","protected":false},"author":18,"featured_media":257510,"comment_status":"closed","ping_status":"closed","sticky":false,"template":"","format":"standard","meta":{"ub_ctt_via":"","_mi_skip_tracking":false},"categories":[2449],"tags":[783],"featured_image_src":"https:\/\/www.messinaoggi.it\/website\/wp-content\/uploads\/2025\/12\/Palermo-1-1.jpg","author_info":{"display_name":"Admin","author_link":"https:\/\/www.messinaoggi.it\/website\/author\/admin\/"},"digistream_id":0,"digistream":false,"_links":{"self":[{"href":"https:\/\/www.messinaoggi.it\/website\/wp-json\/wp\/v2\/posts\/257509"}],"collection":[{"href":"https:\/\/www.messinaoggi.it\/website\/wp-json\/wp\/v2\/posts"}],"about":[{"href":"https:\/\/www.messinaoggi.it\/website\/wp-json\/wp\/v2\/types\/post"}],"author":[{"embeddable":true,"href":"https:\/\/www.messinaoggi.it\/website\/wp-json\/wp\/v2\/users\/18"}],"replies":[{"embeddable":true,"href":"https:\/\/www.messinaoggi.it\/website\/wp-json\/wp\/v2\/comments?post=257509"}],"version-history":[{"count":0,"href":"https:\/\/www.messinaoggi.it\/website\/wp-json\/wp\/v2\/posts\/257509\/revisions"}],"wp:featuredmedia":[{"embeddable":true,"href":"https:\/\/www.messinaoggi.it\/website\/wp-json\/wp\/v2\/media\/257510"}],"wp:attachment":[{"href":"https:\/\/www.messinaoggi.it\/website\/wp-json\/wp\/v2\/media?parent=257509"}],"wp:term":[{"taxonomy":"category","embeddable":true,"href":"https:\/\/www.messinaoggi.it\/website\/wp-json\/wp\/v2\/categories?post=257509"},{"taxonomy":"post_tag","embeddable":true,"href":"https:\/\/www.messinaoggi.it\/website\/wp-json\/wp\/v2\/tags?post=257509"}],"curies":[{"name":"wp","href":"https:\/\/api.w.org\/{rel}","templated":true}]}}