{"id":257495,"date":"2025-12-22T14:06:43","date_gmt":"2025-12-22T13:06:43","guid":{"rendered":"https:\/\/www.messinaoggi.it\/website\/2025\/12\/22\/lega-serie-b-bedin-ripartire-dalla-sostenibilita-e-dai-giovani\/"},"modified":"2025-12-22T14:06:43","modified_gmt":"2025-12-22T13:06:43","slug":"lega-serie-b-bedin-ripartire-dalla-sostenibilita-e-dai-giovani","status":"publish","type":"post","link":"https:\/\/www.messinaoggi.it\/website\/2025\/12\/22\/lega-serie-b-bedin-ripartire-dalla-sostenibilita-e-dai-giovani\/","title":{"rendered":"Lega Serie B, Bedin \u201cRipartire dalla sostenibilit\u00e0 e dai giovani\u201d"},"content":{"rendered":"<div>ROMA (ITALPRESS) &#8211; <strong>Ripartire dai concetti di squadra e di dialogo.<\/strong> Ma soprattutto dai giovani per contribuire, di fatto, a rilanciare il calcio in Italia.<strong> I primi 365 giorni di Paolo Bedin nel ruolo di presidente della Lega Serie B<\/strong> sono andati in archivio con risultati positivi. <em>&#8220;E&#8217; stato un anno intenso<\/em> &#8211; ha dichiarato in un&#8217;<strong>intervista all&#8217;Italpress<\/strong> -, <em>un anno di lavoro, un anno di analisi, anche se era un luogo che gi\u00e0 conoscevo avendo ricoperto per nove anni il ruolo di direttore generale della Lega B, pur mancando da sette anni. E&#8217; stato sicuramente un anno di progettualit\u00e0<\/em> &#8211; ha aggiunto -, <em>di dialogo politico con i club, di rapporti con le istituzioni sportive, a partire dalla Lega Serie A, ma ovviamente anche con la Figc, la Lega Pro e le componenti tecniche. E&#8217; stato un anno interessante, ricco di impegni e anche utile per riorganizzare in maniera pi\u00f9 efficiente la struttura di Lega&#8221;.<\/em><div id=\"div-gpt-ad-Messinaoggi.it-DSK-300x250-corpoart\" style=\"text-align:center;margin:0 auto;\"><\/div><\/p>\n<p>Diversi i temi affrontati nell&#8217;ultima assemblea dell&#8217;anno, tra cui quello relativo alle diverse piattaforme che ad oggi trasmettono il campionato di Serie B: <em>&#8220;E&#8217; un buon bilancio che ci permette di avere una proposta mista con un licenziatario di fatto esclusivo che \u00e8 Dazn, che mette in onda tutte le nostre dieci gare del weekend e lo fa con qualit\u00e0 editoriale. Poi c&#8217;\u00e8 un esperimento iniziato nel novembre del 2024, che \u00e8 quello del canale, LaB Channel, distribuito sulla piattaforma Amazon Prime e recentemente, da qualche mese, anche da One Football&#8221;.<br \/>\n<\/em><br \/>\n<em>&#8220;La Lega sta viaggiando in parallelo con un licenziatario di primissimo ordine, con il quale i rapporti sono ottimi e con il quale abbiamo appena lanciato, tra l&#8217;altro, un prodotto editoriale che si chiama &#8216;Match of the Week&#8217;, che vedr\u00e0 nel venerd\u00ec sera del Boxing Day un upgrade produttivo da parte della Lega ed editoriale da parte di Dazn&#8221;.<\/em><div id=\"videoincontent\" style=\"clear:both\";><\/div><\/p>\n<p>Paolo Bedin ha poi ribadito quello che dovr\u00e0 essere uno dei temi centrali in vista dei prossimi mesi, ovvero la sostenibilit\u00e0 economica da parte dei club: <em>&#8220;Gli addetti ai lavori e quindi le istituzioni, la Lega e le societ\u00e0 sportive, sono gi\u00e0 da qualche anno ben consci che la sostenibilit\u00e0 economico-finanziaria \u00e8 il tema pi\u00f9 importante, perch\u00e8 i numeri sono chiari e la situazione \u00e8 preoccupante. Dobbiamo essere bravi a trasferire il concetto ai fan, a far capire ai circa 8 milioni di tifosi della Serie Bkt che c&#8217;\u00e8 bisogno di sostenibilit\u00e0 per dare continuit\u00e0 ai loro club, alle loro passioni, alle loro fedi sportive. La continuit\u00e0 aziendale permette al tifoso di avere certezze sul futuro e allo stesso tempo riduce i rischi di default, di fallimenti o di mancate iscrizioni: come dirigenti abbiamo la responsabilit\u00e0 di concentrarci su questo tema, perch\u00e8 questo sar\u00e0 determinante per costruire il futuro del calcio italiano&#8221;.<\/em><\/p>\n<p>Il dialogo tra le varie componenti, dunque, diventa uno strumento fondamentale per poter affrontare le problematiche del calcio italiano: <em>&#8220;Tra i vertici delle istituzioni sportive ci sono rapporti di stima e di rispetto assoluti. Il presidente della Lega Serie A Ezio Simonelli, quando io ricoprivo la carica di direttore generale col presidente Abodi, era il nostro presidente del Collegio dei revisori. Ho avuto la possibilit\u00e0 di lavorare con il presidente Marani, con il presidente Gravina i rapporti da sempre sono ottimi. E&#8217; un momento nel quale c&#8217;\u00e8 la possibilit\u00e0 di dialogare e c&#8217;\u00e8 la necessit\u00e0 di farlo nel pi\u00f9 breve tempo possibile, per cercare di trovare le soluzioni ai problemi del nostro sistema<\/em>&#8220;.<\/p>\n<p>Sull&#8217;eventualit\u00e0 di una riforma dei campionati per diminuire le squadre, Paolo Bedin ha voluto esprimere un concetto chiaro: &#8220;<em>Il focus non \u00e8 la riduzione delle squadre, ma trovare un sistema dal vertice alla base che sia sostenibile dal punto di vista economico-finanziario. Se per arrivare a questo obiettivo bisogna mettere in discussione anche la composizione dei nostri campionati e il tema delle promozioni e delle retrocessioni, lo dobbiamo fare, con le necessarie compensazioni economiche, per il bene non tanto di una singola Lega, ma per il bene del sistema. Sul fatto che le squadre professionistiche siano troppe, pu\u00f2 essere vero ma \u00e8 un fatto storico, perch\u00e8 il nostro paese \u00e8, in Europa occidentale, lo stato con pi\u00f9 comuni al di sopra dei 50.000 abitanti: la caratteristica di avere tante squadre nasce dalla nostra geografia&#8221;.<br \/>\n<\/em><br \/>\nIl presidente della <strong>Lega Serie B<\/strong> ha poi utilizzato un&#8217;altra chiave di lettura per sostenere la tesi legata alla sostenibilit\u00e0: <em>&#8220;Il sistema necessita di avere delle certezze in pi\u00f9, necessita di essere raffreddato in termini di rischi imprenditoriali. Le propriet\u00e0 investono e hanno bisogno di farlo all&#8217;interno di un quadro pi\u00f9 sostenibile. Un altro tema che vorrei mettere in evidenza \u00e8 quello del ricambio imprenditoriale, abbiamo bisogno di avere propriet\u00e0 solide, avremmo bisogno anche di recuperare imprenditori che siano espressione del territorio dove sorge il club. Questo pu\u00f2 avvenire solo se ci sono dei parametri e degli indici anche economico-finanziari che siano in qualche maniera appetibili&#8221;.<\/em><\/p>\n<p>L&#8217;altro tema cruciale riguarda anche la crescita e lo sviluppo dei nuovi calciatori: &#8220;<em>La Lega Serie B e la Lega Pro da anni hanno regole interne di redistribuzione di una parte sostanziale delle proprie risorse. Dobbiamo insistere e trovare altri parametri che motivino le nostre squadre a investire sui giovani. Il problema riguarda i flussi dei giocatori dal nostro campionato verso la Serie A e dalla Serie C alla Serie B. Dobbiamo formare i giovani, ma poi dobbiamo avere anche la possibilit\u00e0 che vadano a giocare nei campionati superiori&#8221;.<\/em><\/p>\n<p><strong>I giovani e la sostenibilit\u00e0<\/strong> rappresentano dunque i due temi su cui la Lega Serie B interverr\u00e0 in maniera decisa nei prossimi mesi. Sul tavolo anche la territorialit\u00e0 del campionato, aspetto cruciale per ritagliarsi uno spazio ancor pi\u00f9 ampio nel sistema calcio: &#8220;<em>La nostra \u00e8 un&#8217;economia di rete, \u00e8 un&#8217;economia di filiera, io ho usato spesso questo termine: il ruolo della B \u00e8 quello di anello intermedio del professionismo. Che rappresenta uno spaccato importante del Paese, oltre 15 milioni di abitanti, 20 citt\u00e0, 20 province, 120 mila abbonati, 8 milioni di follower social. E la mission tecnica \u00e8 molto precisa, quella di essere il laboratorio dei giovani: non solo giocatori, ma anche allenatori, arbitri e dirigenti&#8221;.<\/em><\/p>\n<h3><strong>IL VIDEO DELL&#8217;INTERVISTA<\/strong><\/h3>\n<div style=\"width: 640px;\" class=\"wp-video\"><!--[if lt IE 9]><script>document.createElement('video');<\/script><![endif]-->\n<video class=\"wp-video-shortcode\" id=\"video-257495-1\" width=\"640\" height=\"360\" preload=\"metadata\" controls=\"controls\"><source type=\"video\/mp4\" src=\"https:\/\/video.italpress.com\/storage\/news\/video\/2025\/12\/e0c547bf0fca7e8eab4493c4300d77c8e16cd473.mp4?_=1\" \/><a href=\"https:\/\/video.italpress.com\/storage\/news\/video\/2025\/12\/e0c547bf0fca7e8eab4493c4300d77c8e16cd473.mp4\">https:\/\/video.italpress.com\/storage\/news\/video\/2025\/12\/e0c547bf0fca7e8eab4493c4300d77c8e16cd473.mp4<\/a><\/video><\/div>\n<p>&#8211; Foto Italpress &#8211;<br \/>\n(ITALPRESS).<\/p><\/div>\n","protected":false},"excerpt":{"rendered":"<p>ROMA (ITALPRESS) &#8211; Ripartire dai concetti di squadra e di dialogo. Ma soprattutto dai giovani per contribuire, di fatto, a rilanciare il calcio in Italia. I primi 365 giorni di Paolo Bedin nel ruolo di presidente della Lega Serie B sono andati in archivio con risultati positivi. &#8220;E&#8217; stato un anno intenso &#8211; ha dichiarato [&hellip;]<\/p>\n","protected":false},"author":18,"featured_media":257496,"comment_status":"closed","ping_status":"closed","sticky":false,"template":"","format":"standard","meta":{"ub_ctt_via":"","_mi_skip_tracking":false},"categories":[446],"tags":[783],"featured_image_src":"https:\/\/www.messinaoggi.it\/website\/wp-content\/uploads\/2025\/12\/20251222_0531.jpg","author_info":{"display_name":"Admin","author_link":"https:\/\/www.messinaoggi.it\/website\/author\/admin\/"},"digistream_id":0,"digistream":false,"_links":{"self":[{"href":"https:\/\/www.messinaoggi.it\/website\/wp-json\/wp\/v2\/posts\/257495"}],"collection":[{"href":"https:\/\/www.messinaoggi.it\/website\/wp-json\/wp\/v2\/posts"}],"about":[{"href":"https:\/\/www.messinaoggi.it\/website\/wp-json\/wp\/v2\/types\/post"}],"author":[{"embeddable":true,"href":"https:\/\/www.messinaoggi.it\/website\/wp-json\/wp\/v2\/users\/18"}],"replies":[{"embeddable":true,"href":"https:\/\/www.messinaoggi.it\/website\/wp-json\/wp\/v2\/comments?post=257495"}],"version-history":[{"count":0,"href":"https:\/\/www.messinaoggi.it\/website\/wp-json\/wp\/v2\/posts\/257495\/revisions"}],"wp:featuredmedia":[{"embeddable":true,"href":"https:\/\/www.messinaoggi.it\/website\/wp-json\/wp\/v2\/media\/257496"}],"wp:attachment":[{"href":"https:\/\/www.messinaoggi.it\/website\/wp-json\/wp\/v2\/media?parent=257495"}],"wp:term":[{"taxonomy":"category","embeddable":true,"href":"https:\/\/www.messinaoggi.it\/website\/wp-json\/wp\/v2\/categories?post=257495"},{"taxonomy":"post_tag","embeddable":true,"href":"https:\/\/www.messinaoggi.it\/website\/wp-json\/wp\/v2\/tags?post=257495"}],"curies":[{"name":"wp","href":"https:\/\/api.w.org\/{rel}","templated":true}]}}