{"id":257492,"date":"2025-12-22T13:22:25","date_gmt":"2025-12-22T12:22:25","guid":{"rendered":"http:\/\/www.messinaoggi.it\/website\/?p=257492"},"modified":"2025-12-22T13:22:30","modified_gmt":"2025-12-22T12:22:30","slug":"atm-pippo-campagna-nessuna-menzione","status":"publish","type":"post","link":"https:\/\/www.messinaoggi.it\/website\/2025\/12\/22\/atm-pippo-campagna-nessuna-menzione\/","title":{"rendered":"ATM, Pippo Campagna: nessuna menzione"},"content":{"rendered":"\n<p>Il &#8220;miracolo-ATM&#8221;, ammesso che si tratti di un miracolo, \u00e8 tutto ascrivibile alla presidentessa, Carla Grillo. La conferenza stampa di questa mattina, durante la quale \u00e8 stato presentato un altro folgorato sulla via di Fiumedinisi, \u00e8 servita per passare in rassegna i risultati ottenuti dalla Societ\u00e0 dei trasporti pubblici. Per onest\u00e0 intellettuale va riconosciuto che il servizio oggi funziona. <div id=\"div-gpt-ad-Messinaoggi.it-DSK-300x250-corpoart\" style=\"text-align:center;margin:0 auto;\"><\/div><\/p>\n\n\n\n<p>Una lunga conferenza stampa durante la quale il nome di Pippo Campagna, il vero &#8220;padre&#8221; del rilancio dell&#8217;ATM non \u00e8 stato mai menzionato, tranne un passaggio di De Luca in cui ha fatto un &#8220;bieco&#8221; riferimento al &#8220;cerchio magico&#8221; dell&#8217;azienda di via La Farina. De Luca ha anche preteso un applauso dalla claque che accompagna le conferenze stampa settimanali, alla presenza di sindaco, assessore alla viabilit\u00e0, il cui ruolo \u00e8 ridotto alla semplice comparsa.<div id=\"videoincontent\" style=\"clear:both\";><\/div><\/p>\n\n\n\n<p>Poi il lungo e limaccioso intervento della presidente Grillo, intriso di superlativi assoluti e stucchevoli autocelebrazioni per il grandissimo (concedetecelo) lavoro svolto dal management dell&#8217;ATM.<\/p>\n\n\n\n<p>Nessun riferimento al Tram ormai fermo da mesi, se non l&#8217;annuncio della 10 vettura revampizzata che \u00e8 stata appena consegnata all&#8217;azienda e che \u00e8 stata riposta in deposito, assieme alle altre vetture.<\/p>\n","protected":false},"excerpt":{"rendered":"<p>Il &#8220;miracolo-ATM&#8221;, ammesso che si tratti di un miracolo, \u00e8 tutto ascrivibile alla presidentessa, Carla Grillo. La conferenza stampa di questa mattina, durante la quale \u00e8 stato presentato un altro folgorato sulla via di Fiumedinisi, \u00e8 servita per passare in rassegna i risultati ottenuti dalla Societ\u00e0 dei trasporti pubblici. Per onest\u00e0 intellettuale va riconosciuto che [&hellip;]<\/p>\n","protected":false},"author":2,"featured_media":257493,"comment_status":"open","ping_status":"open","sticky":false,"template":"","format":"standard","meta":{"ub_ctt_via":"","_mi_skip_tracking":false},"categories":[6],"tags":[3460,10809,12193],"featured_image_src":"https:\/\/www.messinaoggi.it\/website\/wp-content\/uploads\/2025\/12\/IMG_1080.jpg","author_info":{"display_name":"Redazione","author_link":"https:\/\/www.messinaoggi.it\/website\/author\/redazione\/"},"digistream_id":0,"digistream":false,"_links":{"self":[{"href":"https:\/\/www.messinaoggi.it\/website\/wp-json\/wp\/v2\/posts\/257492"}],"collection":[{"href":"https:\/\/www.messinaoggi.it\/website\/wp-json\/wp\/v2\/posts"}],"about":[{"href":"https:\/\/www.messinaoggi.it\/website\/wp-json\/wp\/v2\/types\/post"}],"author":[{"embeddable":true,"href":"https:\/\/www.messinaoggi.it\/website\/wp-json\/wp\/v2\/users\/2"}],"replies":[{"embeddable":true,"href":"https:\/\/www.messinaoggi.it\/website\/wp-json\/wp\/v2\/comments?post=257492"}],"version-history":[{"count":1,"href":"https:\/\/www.messinaoggi.it\/website\/wp-json\/wp\/v2\/posts\/257492\/revisions"}],"predecessor-version":[{"id":257494,"href":"https:\/\/www.messinaoggi.it\/website\/wp-json\/wp\/v2\/posts\/257492\/revisions\/257494"}],"wp:featuredmedia":[{"embeddable":true,"href":"https:\/\/www.messinaoggi.it\/website\/wp-json\/wp\/v2\/media\/257493"}],"wp:attachment":[{"href":"https:\/\/www.messinaoggi.it\/website\/wp-json\/wp\/v2\/media?parent=257492"}],"wp:term":[{"taxonomy":"category","embeddable":true,"href":"https:\/\/www.messinaoggi.it\/website\/wp-json\/wp\/v2\/categories?post=257492"},{"taxonomy":"post_tag","embeddable":true,"href":"https:\/\/www.messinaoggi.it\/website\/wp-json\/wp\/v2\/tags?post=257492"}],"curies":[{"name":"wp","href":"https:\/\/api.w.org\/{rel}","templated":true}]}}