{"id":257397,"date":"2025-12-20T18:06:45","date_gmt":"2025-12-20T17:06:45","guid":{"rendered":"https:\/\/www.messinaoggi.it\/website\/2025\/12\/20\/zelensky-putin-vuole-decidere-tutto-da-solo-serve-una-pace-stabile\/"},"modified":"2025-12-20T18:06:45","modified_gmt":"2025-12-20T17:06:45","slug":"zelensky-putin-vuole-decidere-tutto-da-solo-serve-una-pace-stabile","status":"publish","type":"post","link":"https:\/\/www.messinaoggi.it\/website\/2025\/12\/20\/zelensky-putin-vuole-decidere-tutto-da-solo-serve-una-pace-stabile\/","title":{"rendered":"Zelensky \u201cPutin vuole decidere tutto da solo, serve una pace stabile\u201d"},"content":{"rendered":"<div>KIEV (UCRAINA) (ITALPRESS) &#8211; &#8220;Putin ha iniziato questa guerra e la sta prolungando per sottrarre i popoli alle decisioni sul destino dei paesi. Vuole decidere tutto da solo. Personalmente o con i suoi amici, proprio come lui. La guerra della Russia contro l&#8217;Ucraina \u00e8 sempre stata ed \u00e8 una guerra per qualcosa di pi\u00f9 del territorio ucraino stesso. Ed \u00e8 per questo che la Russia non si accontenter\u00e0 mai di questo o quel pezzo di territorio se qualcuno le concede qualcosa&#8221;. Cos\u00ec il presidente ucraino Volodymyr Zelensky, durante un incontro con i rappresentanti dei media insieme al primo ministro portoghese Luis Montenegro. <br \/>&#8220;Dobbiamo proteggere i principi fondamentali dell&#8217;Europa e della normale vita delle nazioni: indipendenza, sovranit\u00e0 e democrazia.<br \/>E tutto questo deve riflettersi nell&#8217;accordo sulla fine della guerra. E&#8217; cos\u00ec che lavoriamo con i nostri partner, preparando l&#8217;accordo: lavoriamo attentamente su ogni punto, su ogni fase, per ottenere non un &#8216;concett\u00f2 sulla divisione del territorio e delle risorse, ma un accordo su una pace stabile e duratura e su garanzie di sicurezza affidabili. Questo \u00e8 il nostro obiettivo e sono grato a tutti coloro che contribuiscono a realizzarlo&#8221;, ha aggiunto.<br \/>(ITALPRESS).<br \/>-Foto: Ipa Agency-<\/div>\n<div id=\"div-gpt-ad-Messinaoggi.it-DSK-300x250-corpoart\" style=\"text-align:center;margin:0 auto;\"><\/div><\/p><div id=\"videoincontent\" style=\"clear:both\";><\/div>","protected":false},"excerpt":{"rendered":"<p>KIEV (UCRAINA) (ITALPRESS) &#8211; &#8220;Putin ha iniziato questa guerra e la sta prolungando per sottrarre i popoli alle decisioni sul destino dei paesi. Vuole decidere tutto da solo. Personalmente o con i suoi amici, proprio come lui. La guerra della Russia contro l&#8217;Ucraina \u00e8 sempre stata ed \u00e8 una guerra per qualcosa di pi\u00f9 del [&hellip;]<\/p>\n","protected":false},"author":18,"featured_media":257398,"comment_status":"closed","ping_status":"closed","sticky":false,"template":"","format":"standard","meta":{"ub_ctt_via":"","_mi_skip_tracking":false},"categories":[446],"tags":[783],"featured_image_src":"https:\/\/www.messinaoggi.it\/website\/wp-content\/uploads\/2025\/12\/20251220_1045.jpg","author_info":{"display_name":"Admin","author_link":"https:\/\/www.messinaoggi.it\/website\/author\/admin\/"},"digistream_id":0,"digistream":false,"_links":{"self":[{"href":"https:\/\/www.messinaoggi.it\/website\/wp-json\/wp\/v2\/posts\/257397"}],"collection":[{"href":"https:\/\/www.messinaoggi.it\/website\/wp-json\/wp\/v2\/posts"}],"about":[{"href":"https:\/\/www.messinaoggi.it\/website\/wp-json\/wp\/v2\/types\/post"}],"author":[{"embeddable":true,"href":"https:\/\/www.messinaoggi.it\/website\/wp-json\/wp\/v2\/users\/18"}],"replies":[{"embeddable":true,"href":"https:\/\/www.messinaoggi.it\/website\/wp-json\/wp\/v2\/comments?post=257397"}],"version-history":[{"count":0,"href":"https:\/\/www.messinaoggi.it\/website\/wp-json\/wp\/v2\/posts\/257397\/revisions"}],"wp:featuredmedia":[{"embeddable":true,"href":"https:\/\/www.messinaoggi.it\/website\/wp-json\/wp\/v2\/media\/257398"}],"wp:attachment":[{"href":"https:\/\/www.messinaoggi.it\/website\/wp-json\/wp\/v2\/media?parent=257397"}],"wp:term":[{"taxonomy":"category","embeddable":true,"href":"https:\/\/www.messinaoggi.it\/website\/wp-json\/wp\/v2\/categories?post=257397"},{"taxonomy":"post_tag","embeddable":true,"href":"https:\/\/www.messinaoggi.it\/website\/wp-json\/wp\/v2\/tags?post=257397"}],"curies":[{"name":"wp","href":"https:\/\/api.w.org\/{rel}","templated":true}]}}