{"id":257389,"date":"2025-12-20T16:06:46","date_gmt":"2025-12-20T15:06:46","guid":{"rendered":"https:\/\/www.messinaoggi.it\/website\/2025\/12\/20\/forza-italia-tajani-volti-nuovi-non-sono-attaccato-alla-poltrona\/"},"modified":"2025-12-20T16:06:46","modified_gmt":"2025-12-20T15:06:46","slug":"forza-italia-tajani-volti-nuovi-non-sono-attaccato-alla-poltrona","status":"publish","type":"post","link":"https:\/\/www.messinaoggi.it\/website\/2025\/12\/20\/forza-italia-tajani-volti-nuovi-non-sono-attaccato-alla-poltrona\/","title":{"rendered":"Forza Italia, Tajani \u201cVolti nuovi? Non sono attaccato alla poltrona\u201d"},"content":{"rendered":"<div>TORINO (ITALPRESS) &#8211; &#8220;E&#8217; giustissimo, io da quando sono diventato segretario, proprio perch\u00e8 credo che ci dobbiamo rinnovare e allargare, ho dato vita a una stagione congressuale. Questo \u00e8 il modo migliore per scegliere volti nuovi, le porte sono aperte a tutti e tutti possono impegnarsi e dare il loro contributo di idee, azioni e programmi. Io sono sempre disponibile a confrontarmi con tutti, il mio intento \u00e8 quello di far crescere i consensi per Forza Italia. Non sono attaccato alla poltrona, mi considero innanzitutto un militante che difende le proprie idee e i propri valori&#8221;. Cos\u00ec il segretario nazionale di Forza Italia, Antonio Tajani, ha commentato le parole di Pier Silvio Berlusconi sull&#8217;ingresso di volti nuovi nel partito. &#8220;Credo che si possa fare veramente sempre di pi\u00f9 e sempre meglio in uno spirito unitario, non sono certo le correnti quelle che possono servire a costruire un partito pi\u00f9 forte e pi\u00f9 grande&#8221;, ha aggiunto Tajani.<br \/>&#8220;Vogliamo un partito unito, dove tutti possono dire la loro, discutere, essere impegnati ed essere protagonisti. Quindi ben vengano i suggerimenti, ma il rinnovamento \u00e8 in corso da sempre, volti nuovi ce ne sono e ne troveremo altri con le nuove elezioni. Il vero rinnovamento \u00e8 che la classe dirigente \u00e8 scelta dagli iscritti di Forza Italia e non \u00e8 imposta dall&#8217;alto&#8221;, ha concluso il vicepremier e ministro.<br \/>(ITALPRESS).<br \/>-Foto: Ipa Agency-<\/div>\n<div id=\"div-gpt-ad-Messinaoggi.it-DSK-300x250-corpoart\" style=\"text-align:center;margin:0 auto;\"><\/div><\/p><div id=\"videoincontent\" style=\"clear:both\";><\/div>","protected":false},"excerpt":{"rendered":"<p>TORINO (ITALPRESS) &#8211; &#8220;E&#8217; giustissimo, io da quando sono diventato segretario, proprio perch\u00e8 credo che ci dobbiamo rinnovare e allargare, ho dato vita a una stagione congressuale. Questo \u00e8 il modo migliore per scegliere volti nuovi, le porte sono aperte a tutti e tutti possono impegnarsi e dare il loro contributo di idee, azioni e [&hellip;]<\/p>\n","protected":false},"author":18,"featured_media":257390,"comment_status":"closed","ping_status":"closed","sticky":false,"template":"","format":"standard","meta":{"ub_ctt_via":"","_mi_skip_tracking":false},"categories":[446],"tags":[783],"featured_image_src":"https:\/\/www.messinaoggi.it\/website\/wp-content\/uploads\/2025\/12\/20251220_0928.jpg","author_info":{"display_name":"Admin","author_link":"https:\/\/www.messinaoggi.it\/website\/author\/admin\/"},"digistream_id":0,"digistream":false,"_links":{"self":[{"href":"https:\/\/www.messinaoggi.it\/website\/wp-json\/wp\/v2\/posts\/257389"}],"collection":[{"href":"https:\/\/www.messinaoggi.it\/website\/wp-json\/wp\/v2\/posts"}],"about":[{"href":"https:\/\/www.messinaoggi.it\/website\/wp-json\/wp\/v2\/types\/post"}],"author":[{"embeddable":true,"href":"https:\/\/www.messinaoggi.it\/website\/wp-json\/wp\/v2\/users\/18"}],"replies":[{"embeddable":true,"href":"https:\/\/www.messinaoggi.it\/website\/wp-json\/wp\/v2\/comments?post=257389"}],"version-history":[{"count":0,"href":"https:\/\/www.messinaoggi.it\/website\/wp-json\/wp\/v2\/posts\/257389\/revisions"}],"wp:featuredmedia":[{"embeddable":true,"href":"https:\/\/www.messinaoggi.it\/website\/wp-json\/wp\/v2\/media\/257390"}],"wp:attachment":[{"href":"https:\/\/www.messinaoggi.it\/website\/wp-json\/wp\/v2\/media?parent=257389"}],"wp:term":[{"taxonomy":"category","embeddable":true,"href":"https:\/\/www.messinaoggi.it\/website\/wp-json\/wp\/v2\/categories?post=257389"},{"taxonomy":"post_tag","embeddable":true,"href":"https:\/\/www.messinaoggi.it\/website\/wp-json\/wp\/v2\/tags?post=257389"}],"curies":[{"name":"wp","href":"https:\/\/api.w.org\/{rel}","templated":true}]}}