{"id":257387,"date":"2025-12-20T16:06:43","date_gmt":"2025-12-20T15:06:43","guid":{"rendered":"https:\/\/www.messinaoggi.it\/website\/2025\/12\/20\/giorgetti-dimissioni-a-me-interessa-il-prodotto-finale\/"},"modified":"2025-12-20T16:06:43","modified_gmt":"2025-12-20T15:06:43","slug":"giorgetti-dimissioni-a-me-interessa-il-prodotto-finale","status":"publish","type":"post","link":"https:\/\/www.messinaoggi.it\/website\/2025\/12\/20\/giorgetti-dimissioni-a-me-interessa-il-prodotto-finale\/","title":{"rendered":"Giorgetti \u201cDimissioni? A me interessa il prodotto finale\u201d"},"content":{"rendered":"<div>ROMA (ITALPRESS) &#8211; &#8220;Alle dimissioni ci penso tutte le mattine, che sarebbe la cosa pi\u00f9 bella da fare per me personalmente. Per\u00f2 siccome \u00e8 la 29ma legge di bilancio che faccio, so perfettamente come funziona, so perfettamente che sono cose molto naturali. Alla fine a me interessa il prodotto finale, non il prodotto che presento io. Naturalmente pensiamo di aver fatto delle cose giuste, crediamo di lavorare bene nell&#8217;interesse di tutti gli italiani e i risultati vanno in questa direzione. Per\u00f2 adesso tocca al Parlamento&#8221;. Cos\u00ec il ministro dell&#8217;Economia, Giancarlo Giorgetti, uscendo dalla commissione Bilancio dove \u00e8 stato presentato l&#8217;emendamento riscritto su imprese e previdenza complementare al Ddl di bilancio.<br \/>(ITALPRESS).<br \/>-Foto: Ipa Agency-<\/div>\n<div id=\"div-gpt-ad-Messinaoggi.it-DSK-300x250-corpoart\" style=\"text-align:center;margin:0 auto;\"><\/div><\/p><div id=\"videoincontent\" style=\"clear:both\";><\/div>","protected":false},"excerpt":{"rendered":"<p>ROMA (ITALPRESS) &#8211; &#8220;Alle dimissioni ci penso tutte le mattine, che sarebbe la cosa pi\u00f9 bella da fare per me personalmente. Per\u00f2 siccome \u00e8 la 29ma legge di bilancio che faccio, so perfettamente come funziona, so perfettamente che sono cose molto naturali. Alla fine a me interessa il prodotto finale, non il prodotto che presento [&hellip;]<\/p>\n","protected":false},"author":18,"featured_media":257388,"comment_status":"closed","ping_status":"closed","sticky":false,"template":"","format":"standard","meta":{"ub_ctt_via":"","_mi_skip_tracking":false},"categories":[446],"tags":[783],"featured_image_src":"https:\/\/www.messinaoggi.it\/website\/wp-content\/uploads\/2025\/12\/20251220_0842.jpg","author_info":{"display_name":"Admin","author_link":"https:\/\/www.messinaoggi.it\/website\/author\/admin\/"},"digistream_id":0,"digistream":false,"_links":{"self":[{"href":"https:\/\/www.messinaoggi.it\/website\/wp-json\/wp\/v2\/posts\/257387"}],"collection":[{"href":"https:\/\/www.messinaoggi.it\/website\/wp-json\/wp\/v2\/posts"}],"about":[{"href":"https:\/\/www.messinaoggi.it\/website\/wp-json\/wp\/v2\/types\/post"}],"author":[{"embeddable":true,"href":"https:\/\/www.messinaoggi.it\/website\/wp-json\/wp\/v2\/users\/18"}],"replies":[{"embeddable":true,"href":"https:\/\/www.messinaoggi.it\/website\/wp-json\/wp\/v2\/comments?post=257387"}],"version-history":[{"count":0,"href":"https:\/\/www.messinaoggi.it\/website\/wp-json\/wp\/v2\/posts\/257387\/revisions"}],"wp:featuredmedia":[{"embeddable":true,"href":"https:\/\/www.messinaoggi.it\/website\/wp-json\/wp\/v2\/media\/257388"}],"wp:attachment":[{"href":"https:\/\/www.messinaoggi.it\/website\/wp-json\/wp\/v2\/media?parent=257387"}],"wp:term":[{"taxonomy":"category","embeddable":true,"href":"https:\/\/www.messinaoggi.it\/website\/wp-json\/wp\/v2\/categories?post=257387"},{"taxonomy":"post_tag","embeddable":true,"href":"https:\/\/www.messinaoggi.it\/website\/wp-json\/wp\/v2\/tags?post=257387"}],"curies":[{"name":"wp","href":"https:\/\/api.w.org\/{rel}","templated":true}]}}