{"id":257367,"date":"2025-12-19T20:06:46","date_gmt":"2025-12-19T19:06:46","guid":{"rendered":"https:\/\/www.messinaoggi.it\/website\/2025\/12\/19\/mattarella-una-democrazia-di-astenuti-e-assenti-e-piu-fragile\/"},"modified":"2025-12-19T20:06:46","modified_gmt":"2025-12-19T19:06:46","slug":"mattarella-una-democrazia-di-astenuti-e-assenti-e-piu-fragile","status":"publish","type":"post","link":"https:\/\/www.messinaoggi.it\/website\/2025\/12\/19\/mattarella-una-democrazia-di-astenuti-e-assenti-e-piu-fragile\/","title":{"rendered":"Mattarella \u201cUna democrazia di astenuti e assenti \u00e8 pi\u00f9 fragile\u201d"},"content":{"rendered":"<div>ROMA (ITALPRESS) &#8211; &#8220;Partecipazione sembra parola desueta in un tempo caratterizzato da una crescente astensione elettorale. Alle ultime elezioni regionali ha votato meno del 45 per cento degli aventi diritto. Nelle precedenti tornate la percentuale era gi\u00e0 in discesa e dobbiamo purtroppo constatare che questa tendenza prosegue. Non ci si pu\u00f2 stancare di ripeterlo: una democrazia di astenuti, di assenti, di rassegnati \u00e8 una democrazia pi\u00f9 fragile e a subirne danno sono i cittadini&#8221;. Cos\u00ec il presidente della Repubblica, Sergio Mattarella, in occasione della cerimonia per lo scambio degli auguri di fine anno con i rappresentanti delle istituzioni, delle forze politiche e della societ\u00e0 civile. Per il Capo dello Stato &#8220;la democrazia \u00e8 pi\u00f9 forte dei suoi nemici. Lo \u00e8 soprattutto l\u00e0 dove \u00e8 stata edificata con sacrificio. L\u00e0 dove si \u00e8 radicata nel consenso delle comunit\u00e0, nelle convinzioni delle persone, nel pieno affermarsi dei diritti e dei doveri di cittadinanza&#8221;. <br \/>&#8220;Il tema della politica internazionale, delle alleanze, della scelta dell&#8217;Europa come strada da percorrere senza ripensamenti &#8211; ha evidenziato poi Mattarella -. E questo non soltanto per gli impegni che abbiamo assunto con l&#8217;adesione ai Trattati. Sappiamo bene che l&#8217;Unione ha alcuni problemi e molti avversari. Soltanto l&#8217;Europa pu\u00f2 preservare, e dare un futuro, a quelle conquiste che gli Stati hanno garantito per decenni con i loro ordinamenti&#8221;. &#8220;La spesa per dotarsi di efficaci strumenti che garantiscano la difesa collettiva \u00e8 sempre stata comprensibilmente poco popolare. Anche quando, come in questo caso, si perseguono finalit\u00e0 di tutela della sicurezza e della pace, nel quadro di una politica rispettosa del diritto internazionale&#8221;, le parole di Mattarella. &#8220;E tuttavia, poche volte come ora, \u00e8 necessario. Anche per dare il nostro decisivo contributo alla realizzazione della difesa comune europea, strumento di deterrenza contro le guerre e, insieme, salvaguardia dello spazio condiviso di libert\u00e0 e di benessere&#8221;, osserva.<br \/>&#8211; foto Ipa Agency &#8211;<br \/>(ITALPRESS).<\/div>\n<div id=\"div-gpt-ad-Messinaoggi.it-DSK-300x250-corpoart\" style=\"text-align:center;margin:0 auto;\"><\/div><\/p><div id=\"videoincontent\" style=\"clear:both\";><\/div>","protected":false},"excerpt":{"rendered":"<p>ROMA (ITALPRESS) &#8211; &#8220;Partecipazione sembra parola desueta in un tempo caratterizzato da una crescente astensione elettorale. Alle ultime elezioni regionali ha votato meno del 45 per cento degli aventi diritto. Nelle precedenti tornate la percentuale era gi\u00e0 in discesa e dobbiamo purtroppo constatare che questa tendenza prosegue. Non ci si pu\u00f2 stancare di ripeterlo: una [&hellip;]<\/p>\n","protected":false},"author":18,"featured_media":257368,"comment_status":"closed","ping_status":"closed","sticky":false,"template":"","format":"standard","meta":{"ub_ctt_via":"","_mi_skip_tracking":false},"categories":[446],"tags":[783],"featured_image_src":"https:\/\/www.messinaoggi.it\/website\/wp-content\/uploads\/2025\/12\/20251219_2500.jpg","author_info":{"display_name":"Admin","author_link":"https:\/\/www.messinaoggi.it\/website\/author\/admin\/"},"digistream_id":0,"digistream":false,"_links":{"self":[{"href":"https:\/\/www.messinaoggi.it\/website\/wp-json\/wp\/v2\/posts\/257367"}],"collection":[{"href":"https:\/\/www.messinaoggi.it\/website\/wp-json\/wp\/v2\/posts"}],"about":[{"href":"https:\/\/www.messinaoggi.it\/website\/wp-json\/wp\/v2\/types\/post"}],"author":[{"embeddable":true,"href":"https:\/\/www.messinaoggi.it\/website\/wp-json\/wp\/v2\/users\/18"}],"replies":[{"embeddable":true,"href":"https:\/\/www.messinaoggi.it\/website\/wp-json\/wp\/v2\/comments?post=257367"}],"version-history":[{"count":0,"href":"https:\/\/www.messinaoggi.it\/website\/wp-json\/wp\/v2\/posts\/257367\/revisions"}],"wp:featuredmedia":[{"embeddable":true,"href":"https:\/\/www.messinaoggi.it\/website\/wp-json\/wp\/v2\/media\/257368"}],"wp:attachment":[{"href":"https:\/\/www.messinaoggi.it\/website\/wp-json\/wp\/v2\/media?parent=257367"}],"wp:term":[{"taxonomy":"category","embeddable":true,"href":"https:\/\/www.messinaoggi.it\/website\/wp-json\/wp\/v2\/categories?post=257367"},{"taxonomy":"post_tag","embeddable":true,"href":"https:\/\/www.messinaoggi.it\/website\/wp-json\/wp\/v2\/tags?post=257367"}],"curies":[{"name":"wp","href":"https:\/\/api.w.org\/{rel}","templated":true}]}}