{"id":257357,"date":"2025-12-19T18:06:45","date_gmt":"2025-12-19T17:06:45","guid":{"rendered":"https:\/\/www.messinaoggi.it\/website\/2025\/12\/19\/schlein-sulle-pensioni-gravissimo-colpo-di-mano-tradimento-meloni\/"},"modified":"2025-12-19T18:06:45","modified_gmt":"2025-12-19T17:06:45","slug":"schlein-sulle-pensioni-gravissimo-colpo-di-mano-tradimento-meloni","status":"publish","type":"post","link":"https:\/\/www.messinaoggi.it\/website\/2025\/12\/19\/schlein-sulle-pensioni-gravissimo-colpo-di-mano-tradimento-meloni\/","title":{"rendered":"Schlein \u201cSulle pensioni gravissimo colpo di mano, tradimento Meloni\u201d"},"content":{"rendered":"<div>ROMA (ITALPRESS) &#8211; &#8220;<em>E&#8217; finita Atreju ma il Paese reale \u00e8 ancora l\u00ec e se ne dovrebbero occupare, quello che \u00e8 successo in questi giorni \u00e8 inaccettabile<strong>. Solo due giorni fa Meloni faceva la spavalda in Aula contro l&#8217;opposizione, ieri notte si \u00e8 rotta la sua maggioranza&#8221;<\/strong>.<\/em> Lo ha detto la <strong>leader del Pd Elly Schlein<\/strong> in conferenza stampa, definendo<em> &#8220;gravissimo questo colpo di mano tentato in sordina, a manovra gi\u00e0 in discussione, sulle pensioni degli italiani, perch\u00e8 non si scherza sui sacrifici di una vita di chi ha lavorato. Si consuma il pi\u00f9 alto tradimento delle promesse elettorali di Meloni&#8221;<\/em>.<div id=\"div-gpt-ad-Messinaoggi.it-DSK-300x250-corpoart\" style=\"text-align:center;margin:0 auto;\"><\/div><\/p>\n<p><em>&#8220;Per fare chiarezza<\/em> &#8211; aggiunge &#8211; <em><strong>Giorgetti,<\/strong> sfiduciato, ha ritirato la sua proposta ma l&#8217;aumento dell&#8217;et\u00e0 pensionabile \u00e8 sul testo che andr\u00e0 al voto. Tale aumento cade sul 96% dei lavoratori incluse le forze dell&#8217;ordine&#8221;.<\/em><br \/>\n-foto Ipa Agency &#8211;<br \/>\n(ITALPRESS).<\/div>\n<div id=\"videoincontent\" style=\"clear:both\";><\/div>","protected":false},"excerpt":{"rendered":"<p>ROMA (ITALPRESS) &#8211; &#8220;E&#8217; finita Atreju ma il Paese reale \u00e8 ancora l\u00ec e se ne dovrebbero occupare, quello che \u00e8 successo in questi giorni \u00e8 inaccettabile. Solo due giorni fa Meloni faceva la spavalda in Aula contro l&#8217;opposizione, ieri notte si \u00e8 rotta la sua maggioranza&#8221;. Lo ha detto la leader del Pd Elly [&hellip;]<\/p>\n","protected":false},"author":18,"featured_media":257358,"comment_status":"closed","ping_status":"closed","sticky":false,"template":"","format":"standard","meta":{"ub_ctt_via":"","_mi_skip_tracking":false},"categories":[446],"tags":[783],"featured_image_src":"https:\/\/www.messinaoggi.it\/website\/wp-content\/uploads\/2025\/12\/20251219_1969.jpg","author_info":{"display_name":"Admin","author_link":"https:\/\/www.messinaoggi.it\/website\/author\/admin\/"},"digistream_id":0,"digistream":false,"_links":{"self":[{"href":"https:\/\/www.messinaoggi.it\/website\/wp-json\/wp\/v2\/posts\/257357"}],"collection":[{"href":"https:\/\/www.messinaoggi.it\/website\/wp-json\/wp\/v2\/posts"}],"about":[{"href":"https:\/\/www.messinaoggi.it\/website\/wp-json\/wp\/v2\/types\/post"}],"author":[{"embeddable":true,"href":"https:\/\/www.messinaoggi.it\/website\/wp-json\/wp\/v2\/users\/18"}],"replies":[{"embeddable":true,"href":"https:\/\/www.messinaoggi.it\/website\/wp-json\/wp\/v2\/comments?post=257357"}],"version-history":[{"count":0,"href":"https:\/\/www.messinaoggi.it\/website\/wp-json\/wp\/v2\/posts\/257357\/revisions"}],"wp:featuredmedia":[{"embeddable":true,"href":"https:\/\/www.messinaoggi.it\/website\/wp-json\/wp\/v2\/media\/257358"}],"wp:attachment":[{"href":"https:\/\/www.messinaoggi.it\/website\/wp-json\/wp\/v2\/media?parent=257357"}],"wp:term":[{"taxonomy":"category","embeddable":true,"href":"https:\/\/www.messinaoggi.it\/website\/wp-json\/wp\/v2\/categories?post=257357"},{"taxonomy":"post_tag","embeddable":true,"href":"https:\/\/www.messinaoggi.it\/website\/wp-json\/wp\/v2\/tags?post=257357"}],"curies":[{"name":"wp","href":"https:\/\/api.w.org\/{rel}","templated":true}]}}