{"id":257351,"date":"2025-12-19T16:07:38","date_gmt":"2025-12-19T15:07:38","guid":{"rendered":"https:\/\/www.messinaoggi.it\/website\/2025\/12\/19\/nel-superg-della-val-gardena-vince-zabystran-podio-e-lacrime-per-franzoni\/"},"modified":"2025-12-19T16:07:38","modified_gmt":"2025-12-19T15:07:38","slug":"nel-superg-della-val-gardena-vince-zabystran-podio-e-lacrime-per-franzoni","status":"publish","type":"post","link":"https:\/\/www.messinaoggi.it\/website\/2025\/12\/19\/nel-superg-della-val-gardena-vince-zabystran-podio-e-lacrime-per-franzoni\/","title":{"rendered":"Nel SuperG della Val Gardena vince Zabystran, podio e lacrime per Franzoni"},"content":{"rendered":"<div>MILANO (ITALPRESS) &#8211; La sorpresa Jan Zabystran vince il SuperG maschile della Val Gardena, valido per la Coppa del mondo di sci alpino. Il ceco con il tempo di 1&#8217;24&#8243;86 fa scivolare sul secondo gradino lo svizzero Marco Odermatt (+0&#8243;22), mentre il lombardo Giovanni Franzoni si regala il primo podio della carriera: per lui terzo posto, a 37 centesimi dal migliore.<br \/>Bene anche Christof Innerhofer, sesto a 53 centesimi; mentre Mattia Casse chiude undicesimo (+0&#8243;58). Pi\u00f9 indietro Dominik Paris (25\u00b0, +1&#8243;07), Marco Abruzzese (31\u00b0, +1&#8243;56) e Guglielmo Bosca (40\u00b0, +1&#8243;74).<br \/>Lacrime per Giovanni Franzoni dopo la gara. L&#8217;azzurro ha dedicato il suo primo podio della carriera all&#8217;ex compagno di stanza Matteo Franzoso, scomparso a settembre, dopo un terribile incidente in allenamento in Sudamerica. &#8220;Oggi abbiamo sciato insieme&#8221;, ha detto Franzoni. &#8220;Sento che ieri e oggi qualcuno da lass\u00f9 mi ha guidato. Questa dedica non pu\u00f2 che essere per Matteo: abbiamo passato momenti tosti, ma il lavoro paga. Da quando se ne \u00e8 andato, so che far\u00e0 tutte le gare insieme a me e ci tenevo a dedicargli un podio, perch\u00e8 meritava solo qualcosa di davvero grande&#8221;, ha aggiunto l&#8217;azzurro.<br \/>&#8211; foto Ipa Agency &#8211;<br \/>(ITALPRESS).<\/div>\n<div id=\"div-gpt-ad-Messinaoggi.it-DSK-300x250-corpoart\" style=\"text-align:center;margin:0 auto;\"><\/div><\/p><div id=\"videoincontent\" style=\"clear:both\";><\/div>","protected":false},"excerpt":{"rendered":"<p>MILANO (ITALPRESS) &#8211; La sorpresa Jan Zabystran vince il SuperG maschile della Val Gardena, valido per la Coppa del mondo di sci alpino. Il ceco con il tempo di 1&#8217;24&#8243;86 fa scivolare sul secondo gradino lo svizzero Marco Odermatt (+0&#8243;22), mentre il lombardo Giovanni Franzoni si regala il primo podio della carriera: per lui terzo [&hellip;]<\/p>\n","protected":false},"author":18,"featured_media":257352,"comment_status":"closed","ping_status":"closed","sticky":false,"template":"","format":"standard","meta":{"ub_ctt_via":"","_mi_skip_tracking":false},"categories":[446],"tags":[783],"featured_image_src":"https:\/\/www.messinaoggi.it\/website\/wp-content\/uploads\/2025\/12\/20251219_1464.jpg","author_info":{"display_name":"Admin","author_link":"https:\/\/www.messinaoggi.it\/website\/author\/admin\/"},"digistream_id":0,"digistream":false,"_links":{"self":[{"href":"https:\/\/www.messinaoggi.it\/website\/wp-json\/wp\/v2\/posts\/257351"}],"collection":[{"href":"https:\/\/www.messinaoggi.it\/website\/wp-json\/wp\/v2\/posts"}],"about":[{"href":"https:\/\/www.messinaoggi.it\/website\/wp-json\/wp\/v2\/types\/post"}],"author":[{"embeddable":true,"href":"https:\/\/www.messinaoggi.it\/website\/wp-json\/wp\/v2\/users\/18"}],"replies":[{"embeddable":true,"href":"https:\/\/www.messinaoggi.it\/website\/wp-json\/wp\/v2\/comments?post=257351"}],"version-history":[{"count":0,"href":"https:\/\/www.messinaoggi.it\/website\/wp-json\/wp\/v2\/posts\/257351\/revisions"}],"wp:featuredmedia":[{"embeddable":true,"href":"https:\/\/www.messinaoggi.it\/website\/wp-json\/wp\/v2\/media\/257352"}],"wp:attachment":[{"href":"https:\/\/www.messinaoggi.it\/website\/wp-json\/wp\/v2\/media?parent=257351"}],"wp:term":[{"taxonomy":"category","embeddable":true,"href":"https:\/\/www.messinaoggi.it\/website\/wp-json\/wp\/v2\/categories?post=257351"},{"taxonomy":"post_tag","embeddable":true,"href":"https:\/\/www.messinaoggi.it\/website\/wp-json\/wp\/v2\/tags?post=257351"}],"curies":[{"name":"wp","href":"https:\/\/api.w.org\/{rel}","templated":true}]}}