{"id":257342,"date":"2025-12-19T14:06:42","date_gmt":"2025-12-19T13:06:42","guid":{"rendered":"https:\/\/www.messinaoggi.it\/website\/2025\/12\/19\/lazio-in-consiglio-regionale-confronto-sugli-emendamenti-alla-manovra\/"},"modified":"2025-12-19T14:06:42","modified_gmt":"2025-12-19T13:06:42","slug":"lazio-in-consiglio-regionale-confronto-sugli-emendamenti-alla-manovra","status":"publish","type":"post","link":"https:\/\/www.messinaoggi.it\/website\/2025\/12\/19\/lazio-in-consiglio-regionale-confronto-sugli-emendamenti-alla-manovra\/","title":{"rendered":"Lazio, in Consiglio Regionale confronto sugli emendamenti alla manovra"},"content":{"rendered":"<div>ROMA (ITALPRESS) &#8211; Sono giorni decisivi per l&#8217;approvazione del Bilancio regionale del Lazio. Il Consiglio Regionale, dopo la discussione generale, ha iniziato le votazioni sui documenti finanziari. E&#8217; stata approvata la Nota di aggiornamento del documento di economia e finanza regionale (Nadefr), che riguarda gli anni 2026-2028. L&#8217;approvazione invece della Legge di stabilit\u00e0 regionale per il 2026 necessita di pi\u00f9 tempo e il lavoro prosegue con l&#8217;analisi e il voto dei singoli emendamenti.<br \/>\nTra quelli pi\u00f9 discussi quelli in tema sicurezza, con l&#8217;opposizione che ha chiesto maggiori investimenti per ampliare a tutti i capoluoghi di provincia quei progetti previsti per la sola Latina. Gli emendamenti sulla sanit\u00e0 in riguardano tra l&#8217;altro i finanziamenti da stanziare per sostenere il personale infermieristico. I capigruppo dei principali partiti dell&#8217;opposizione hanno chiesto un aumento del budget del 50% poich\u00e8, come ha spiegato Marietta Tidei di Italia Viva: &#8220;Potremmo aiutare con maggiori risorse quei medici, o comunque il personale sanitario, che \u00e8 costretto a spostarsi ogni giorno, magari verso ospedali di Provincia&#8221;, Sempre secondo Tidei &#8220;il tema da affrontare \u00e8 la carenza di personale, soprattutto negli ospedali di provincia e questo emendamento va in questo senso&#8221;. Un concetto ribadito anche da Claudio Marotta di AVS: &#8220;La norma \u00e8 giusta, ma con questo budget la coperta rischia di essere corta. Chiediamo di fare un piccolo sforzo di budget per premiare dei lavoratori che abbiamo spesso incensato come eroi&#8221;.<br \/>\nPer la maggioranza hanno invece preso la parola Alessia Savo di FdI, la quale ha difeso la norma prevista dalla maggioranza per aiutare i medici della regione, e il capogruppo della &#8220;Lista Civica Francesco Rocca Presidente&#8221; Mario Luciano Crea che in quanto presidente della Commissione Cultura si \u00e8 detto soddisfatto del lavoro svolto &#8220;poich\u00e8 le risorse destinate alla cultura sono aumentate e i luoghi d&#8217;arte nella regione sono sempre pi\u00f9 sostenuti&#8221;. Sulla legge in approvazione nel suo complesso Crea aggiunge: &#8220;Credo si tratti di una legge di stabilit\u00e0 assolutamente coraggiosa. Credo che la Giunta Rocca si stia distinguendo per stabilit\u00e0 e per aver riportato in ordine i conti della regione e \u00e8 un dato certificato anche dalla Corte dei Conti. Dopo anni nel Lazio stiamo investendo senza fare debito&#8221;.<br \/>\nProprio in tema investimenti Crea annuncia che nei prossimi giorni la maggioranza proporr\u00e0 in Aula un piano straordinario di investimenti a favore di tutti i territori del Lazio.<div id=\"div-gpt-ad-Messinaoggi.it-DSK-300x250-corpoart\" style=\"text-align:center;margin:0 auto;\"><\/div><\/p>\n<p>&#8211; Foto Italpress &#8211;<div id=\"videoincontent\" style=\"clear:both\";><\/div><\/p>\n<p>(ITALPRESS).<\/p><\/div>\n","protected":false},"excerpt":{"rendered":"<p>ROMA (ITALPRESS) &#8211; Sono giorni decisivi per l&#8217;approvazione del Bilancio regionale del Lazio. Il Consiglio Regionale, dopo la discussione generale, ha iniziato le votazioni sui documenti finanziari. E&#8217; stata approvata la Nota di aggiornamento del documento di economia e finanza regionale (Nadefr), che riguarda gli anni 2026-2028. L&#8217;approvazione invece della Legge di stabilit\u00e0 regionale per [&hellip;]<\/p>\n","protected":false},"author":18,"featured_media":257343,"comment_status":"closed","ping_status":"closed","sticky":false,"template":"","format":"standard","meta":{"ub_ctt_via":"","_mi_skip_tracking":false},"categories":[446],"tags":[783],"featured_image_src":"https:\/\/www.messinaoggi.it\/website\/wp-content\/uploads\/2025\/12\/20251219_0562.jpg","author_info":{"display_name":"Admin","author_link":"https:\/\/www.messinaoggi.it\/website\/author\/admin\/"},"digistream_id":0,"digistream":false,"_links":{"self":[{"href":"https:\/\/www.messinaoggi.it\/website\/wp-json\/wp\/v2\/posts\/257342"}],"collection":[{"href":"https:\/\/www.messinaoggi.it\/website\/wp-json\/wp\/v2\/posts"}],"about":[{"href":"https:\/\/www.messinaoggi.it\/website\/wp-json\/wp\/v2\/types\/post"}],"author":[{"embeddable":true,"href":"https:\/\/www.messinaoggi.it\/website\/wp-json\/wp\/v2\/users\/18"}],"replies":[{"embeddable":true,"href":"https:\/\/www.messinaoggi.it\/website\/wp-json\/wp\/v2\/comments?post=257342"}],"version-history":[{"count":0,"href":"https:\/\/www.messinaoggi.it\/website\/wp-json\/wp\/v2\/posts\/257342\/revisions"}],"wp:featuredmedia":[{"embeddable":true,"href":"https:\/\/www.messinaoggi.it\/website\/wp-json\/wp\/v2\/media\/257343"}],"wp:attachment":[{"href":"https:\/\/www.messinaoggi.it\/website\/wp-json\/wp\/v2\/media?parent=257342"}],"wp:term":[{"taxonomy":"category","embeddable":true,"href":"https:\/\/www.messinaoggi.it\/website\/wp-json\/wp\/v2\/categories?post=257342"},{"taxonomy":"post_tag","embeddable":true,"href":"https:\/\/www.messinaoggi.it\/website\/wp-json\/wp\/v2\/tags?post=257342"}],"curies":[{"name":"wp","href":"https:\/\/api.w.org\/{rel}","templated":true}]}}