{"id":257278,"date":"2025-12-19T09:40:15","date_gmt":"2025-12-19T08:40:15","guid":{"rendered":"http:\/\/www.messinaoggi.it\/website\/?p=257278"},"modified":"2025-12-19T09:40:18","modified_gmt":"2025-12-19T08:40:18","slug":"casa-di-comunita-a-barcellona-p-g-galluzzo-sanita-protagonista","status":"publish","type":"post","link":"https:\/\/www.messinaoggi.it\/website\/2025\/12\/19\/casa-di-comunita-a-barcellona-p-g-galluzzo-sanita-protagonista\/","title":{"rendered":"Casa di Comunit\u00e0 a Barcellona P.G., Galluzzo: &#8220;Sanit\u00e0 protagonista&#8221;"},"content":{"rendered":"\n<p>\u00abLuned\u00ec 22 dicembre a Barcellona Pozzo di Gotto si inaugureranno il primo Ospedale di Comunit\u00e0 della provincia di Messina- uno dei primi in Sicilia- e la Casa di Comunit\u00e0. Da fanalino di coda della Sanit\u00e0, Barcellona P.G. diventa protagonista del raggiungimento di importanti obiettivi\u00bb.<div id=\"div-gpt-ad-Messinaoggi.it-DSK-300x250-corpoart\" style=\"text-align:center;margin:0 auto;\"><\/div><\/p>\n\n\n\n<p>Lo afferma il deputato regionale <strong>Pino Galluzzo<\/strong>, componente della Commissione Sanit\u00e0 dell&#8217;Ars, aggiungendo: \u00abGrazie alla tanto auspicata apertura del Pronto Soccorso, all\u2019attivazione dell\u2019Oncologia, ai rilevanti risultati della Chirurgia Generale, all\u2019attivazione del servizio per il trattamento del Piede Diabetico e della Risonanza Magnetica Cardiaca, che si uniscono ai reparti gi\u00e0 attivi e di elevata qualit\u00e0 di Malattie Infettive, Medicina e Riabilitazione Fisiatrica, oggi si registra una netta inversione di tendenza rispetto al periodo post-Covid. \u00c8 necessario che l\u2019Asp di Messina prosegua nel lavoro avviato e proceda all\u2019attivazione delle altre unit\u00e0 operative previste dalla rete, auspicando un\u2019ampia partecipazione dei medici ai bandi di concorso\u00bb.<div id=\"videoincontent\" style=\"clear:both\";><\/div><\/p>\n\n\n\n<p>Galluzzo aggiunge:\u00a0\u00abAlla luce di questi segnali fortemente incoraggianti, Barcellona P.G. non \u00e8 pi\u00f9 la citt\u00e0 simbolo dell\u2019abbandono sanitario, ma un territorio nel quale i medici possono trovare prospettive professionali. Lungi da me proporre una narrazione idilliaca della Sanit\u00e0, tuttavia il cambiamento in atto non pu\u00f2 essere messo in discussione. Occorre proseguire nel lavoro, ciascuno per le proprie competenze, ma mi sia consentito, in qualit\u00e0 di componente della Commissione Sanit\u00e0 dell&#8217;Ars di esprimere un moderato ma legittimo senso di soddisfazione. Gli obiettivi gi\u00e0 raggiunti rappresentano il contenuto essenziale degli atti di indirizzo e degli interventi che il sottoscritto ha promosso con forza e determinazione. Tuttavia, tali risultati non sarebbero stati possibili senza una direzione strategica dell&#8217;Asp di Messina che, nel suo complesso, ha saputo interpretare adeguatamente le esigenze di una comunit\u00e0 e di un territorio a lungo sofferenti. A tal proposito, desidero esprimere sincera gratitudine e apprezzamento\u00bb.<\/p>\n\n\n\n<p>Il deputato regionale di FdI sottolinea:\u00a0\u00abRivolgo, altres\u00ec, un ringraziamento al presidente della Regione, Renato Schifani, e all&#8217;assessore della Salute, Daniela Faraoni, per aver costantemente recepito e dato seguito alle istanze che ho sottoposto alla loro attenzione attraverso atti formali e sostanziali. Per doverosa onest\u00e0 intellettuale, ritengo inoltre necessario ringraziare tutti i componenti della Commissione Sanit\u00e0, con i quali non si sono mai creati steccati ideologici o partitici. Anche in sede di elaborazione della proposta di rete ospedaliera, l\u2019Ospedale \u201cCutroni Zodda\u201d ha visto confermato il numero dei posti letto, con l\u2019aggiunta di un\u2019importante unit\u00e0 operativa quale la Neuro-Riabilitazione. Quest\u2019ultima, insieme alla nuova previsione della Stroke Unit presso l\u2019Ospedale \u201cGiuseppe Fogliani\u201d di Milazzo, che consente allo stesso di rientrare nella rete per l\u2019ictus, conferma un\u2019ulteriore e proficua complementarit\u00e0 tra i due nosocomi. Si tratta di proposte sostenute dal sottoscritto in Commissione Sanit\u00e0 e condivise dall\u2019intera Commissione. Il mio impegno per il miglioramento della Sanit\u00e0 in Sicilia e, in particolare, nella provincia di Messina prosegue con rinnovata determinazione, nella piena consapevolezza delle difficolt\u00e0 strutturali in cui versa il sistema sanitario per cause ormai note. \u00c8 un lavoro impegnativo, spesso esposto a critiche e polemiche, dal quale tuttavia non intendo sottrarmi, nel rispetto dei doveri che il mio ruolo istituzionale e politico comporta\u00bb.<\/p>\n","protected":false},"excerpt":{"rendered":"<p>\u00abLuned\u00ec 22 dicembre a Barcellona Pozzo di Gotto si inaugureranno il primo Ospedale di Comunit\u00e0 della provincia di Messina- uno dei primi in Sicilia- e la Casa di Comunit\u00e0. Da fanalino di coda della Sanit\u00e0, Barcellona P.G. diventa protagonista del raggiungimento di importanti obiettivi\u00bb. Lo afferma il deputato regionale Pino Galluzzo, componente della Commissione Sanit\u00e0 [&hellip;]<\/p>\n","protected":false},"author":2,"featured_media":31364,"comment_status":"open","ping_status":"open","sticky":false,"template":"","format":"standard","meta":{"ub_ctt_via":"","_mi_skip_tracking":false},"categories":[6],"tags":[1633,12146,851,113],"featured_image_src":"https:\/\/www.messinaoggi.it\/website\/wp-content\/uploads\/2019\/04\/447A0569-90DE-4770-88CE-BF68705BE7B2.jpeg","author_info":{"display_name":"Redazione","author_link":"https:\/\/www.messinaoggi.it\/website\/author\/redazione\/"},"digistream_id":0,"digistream":false,"_links":{"self":[{"href":"https:\/\/www.messinaoggi.it\/website\/wp-json\/wp\/v2\/posts\/257278"}],"collection":[{"href":"https:\/\/www.messinaoggi.it\/website\/wp-json\/wp\/v2\/posts"}],"about":[{"href":"https:\/\/www.messinaoggi.it\/website\/wp-json\/wp\/v2\/types\/post"}],"author":[{"embeddable":true,"href":"https:\/\/www.messinaoggi.it\/website\/wp-json\/wp\/v2\/users\/2"}],"replies":[{"embeddable":true,"href":"https:\/\/www.messinaoggi.it\/website\/wp-json\/wp\/v2\/comments?post=257278"}],"version-history":[{"count":1,"href":"https:\/\/www.messinaoggi.it\/website\/wp-json\/wp\/v2\/posts\/257278\/revisions"}],"predecessor-version":[{"id":257279,"href":"https:\/\/www.messinaoggi.it\/website\/wp-json\/wp\/v2\/posts\/257278\/revisions\/257279"}],"wp:featuredmedia":[{"embeddable":true,"href":"https:\/\/www.messinaoggi.it\/website\/wp-json\/wp\/v2\/media\/31364"}],"wp:attachment":[{"href":"https:\/\/www.messinaoggi.it\/website\/wp-json\/wp\/v2\/media?parent=257278"}],"wp:term":[{"taxonomy":"category","embeddable":true,"href":"https:\/\/www.messinaoggi.it\/website\/wp-json\/wp\/v2\/categories?post=257278"},{"taxonomy":"post_tag","embeddable":true,"href":"https:\/\/www.messinaoggi.it\/website\/wp-json\/wp\/v2\/tags?post=257278"}],"curies":[{"name":"wp","href":"https:\/\/api.w.org\/{rel}","templated":true}]}}