{"id":256909,"date":"2025-12-15T10:35:01","date_gmt":"2025-12-15T09:35:01","guid":{"rendered":"http:\/\/www.messinaoggi.it\/website\/?p=256909"},"modified":"2025-12-15T17:31:13","modified_gmt":"2025-12-15T16:31:13","slug":"malessere-lavorativo-evento-ecm-promosso-da-uil-fpl","status":"publish","type":"post","link":"https:\/\/www.messinaoggi.it\/website\/2025\/12\/15\/malessere-lavorativo-evento-ecm-promosso-da-uil-fpl\/","title":{"rendered":"&#8220;Malessere lavorativo&#8221;, evento ECM promosso da Uil-Fpl"},"content":{"rendered":"\n<p>Prosegue l\u2019attivit\u00e0 formativa promossa dalla Uil-Fpl di Messina nell\u2019ambito dell\u2019aggiornamento per le tutte le professioni sanitarie, personale degli Enti pubblici e aziende. Marted\u00ec 16 dicembre 2025, con inizio alle 9,30, presso la Camera di Commercio di Messina, si terr\u00e0 un convegno che ha come titolo \u201cLe idee e le proposte della Uil-Fpl per fermare il malessere lavorativo nella Sanit\u00e0, negli Enti locali e nel Terzo settore: Confronto a pi\u00f9 voci\u201d. Previsti gli interventi di Livio Andronico, segretario generale Uil-Fpl Messina; Corrado Lamanna, segretario regionale Uil-Fpl; Concettina Fenga, docente all\u2019Universit\u00e0 di Messina. Intervengono inoltre Federico Bsile, sindaco di Messina, Giovanna Spatari, Rettrice Universit\u00e0 di Messina; Giuseppe Cucc\u00ec, direttore generale Asp Messina; Maurizio Lanza, direttore generale IRCCS-Neurolesi; Giorgio Giulio Santonocito, direttore generale A.O.U. G. Martino e Salvatore Rotondo, segretario Ordine dei Medici di Messina. I lavori saranno conclusi da Paolo Todaro, coordinatore provinciale area medica Uil-Fpl Messina<strong>.<\/strong><div id=\"div-gpt-ad-Messinaoggi.it-DSK-300x250-corpoart\" style=\"text-align:center;margin:0 auto;\"><\/div><\/p>\n<div id=\"videoincontent\" style=\"clear:both\";><\/div>","protected":false},"excerpt":{"rendered":"<p>Prosegue l\u2019attivit\u00e0 formativa promossa dalla Uil-Fpl di Messina nell\u2019ambito dell\u2019aggiornamento per le tutte le professioni sanitarie, personale degli Enti pubblici e aziende. Marted\u00ec 16 dicembre 2025, con inizio alle 9,30, presso la Camera di Commercio di Messina, si terr\u00e0 un convegno che ha come titolo \u201cLe idee e le proposte della Uil-Fpl per fermare il [&hellip;]<\/p>\n","protected":false},"author":2,"featured_media":136474,"comment_status":"open","ping_status":"open","sticky":false,"template":"","format":"standard","meta":{"ub_ctt_via":"","_mi_skip_tracking":false},"categories":[5],"tags":[12021,2462,937],"featured_image_src":"https:\/\/www.messinaoggi.it\/website\/wp-content\/uploads\/2023\/01\/Camera_Commercio.jpg","author_info":{"display_name":"Redazione","author_link":"https:\/\/www.messinaoggi.it\/website\/author\/redazione\/"},"digistream_id":0,"digistream":false,"_links":{"self":[{"href":"https:\/\/www.messinaoggi.it\/website\/wp-json\/wp\/v2\/posts\/256909"}],"collection":[{"href":"https:\/\/www.messinaoggi.it\/website\/wp-json\/wp\/v2\/posts"}],"about":[{"href":"https:\/\/www.messinaoggi.it\/website\/wp-json\/wp\/v2\/types\/post"}],"author":[{"embeddable":true,"href":"https:\/\/www.messinaoggi.it\/website\/wp-json\/wp\/v2\/users\/2"}],"replies":[{"embeddable":true,"href":"https:\/\/www.messinaoggi.it\/website\/wp-json\/wp\/v2\/comments?post=256909"}],"version-history":[{"count":2,"href":"https:\/\/www.messinaoggi.it\/website\/wp-json\/wp\/v2\/posts\/256909\/revisions"}],"predecessor-version":[{"id":256980,"href":"https:\/\/www.messinaoggi.it\/website\/wp-json\/wp\/v2\/posts\/256909\/revisions\/256980"}],"wp:featuredmedia":[{"embeddable":true,"href":"https:\/\/www.messinaoggi.it\/website\/wp-json\/wp\/v2\/media\/136474"}],"wp:attachment":[{"href":"https:\/\/www.messinaoggi.it\/website\/wp-json\/wp\/v2\/media?parent=256909"}],"wp:term":[{"taxonomy":"category","embeddable":true,"href":"https:\/\/www.messinaoggi.it\/website\/wp-json\/wp\/v2\/categories?post=256909"},{"taxonomy":"post_tag","embeddable":true,"href":"https:\/\/www.messinaoggi.it\/website\/wp-json\/wp\/v2\/tags?post=256909"}],"curies":[{"name":"wp","href":"https:\/\/api.w.org\/{rel}","templated":true}]}}