{"id":25687,"date":"2018-10-18T17:03:54","date_gmt":"2018-10-18T15:03:54","guid":{"rendered":"http:\/\/www.messinaoggi.it\/website\/?p=25687"},"modified":"2018-10-18T17:03:54","modified_gmt":"2018-10-18T15:03:54","slug":"certa-stampa","status":"publish","type":"post","link":"https:\/\/www.messinaoggi.it\/website\/2018\/10\/18\/certa-stampa\/","title":{"rendered":"Certa stampa&#8230;"},"content":{"rendered":"<p> <br \/>\nVi \u00e8 un filo sottile che unisce il clamore per le straripanti esternazioni di dimissioni\/non dimissioni del Sindaco on. Cateno De Luca e la sobria rinunzia al ruolo di coordinatrice dei Giovani di Forza Italia avv. Maria Fernanda Gervasi.<br \/>\nU \u201cpubbirazzu\u201d fa audience. L\u2019ideale non suscita pi\u00f9 ne\u2019 emozioni ne\u2019 reazioni.<br \/>\nVi \u00e8 un filo sottile che unisce le 500 delibere da votare (a calci in culo) entro <a dir=\"ltr\" href=\"x-apple-data-detectors:\/\/1\">il 23 novembre<\/a> e l\u2019unica domanda sul \u201cfare\u201d oggi attuale (\u201cquanti immobili sono stati reperiti sul mercato per evitare le dimissioni entro Capodanno residuando baracche?).<br \/>\n\u201cIl silenzio cala il sipario solo su ci\u00f2 che non ha saputo essere spettacolo\u201d. (CannovaV, Twitter).<br \/>\nSpero ardentemente nel risanamento, nella verit\u00e0 sui conti, nel riscatto della citt\u00e0. Non mi rassegno alla mera speranza.<br \/>\n\u201cQui si dice che sono stato fascista, monarchico, socialista, azionista, comunista, demitiano&#8230; Ed il bello \u00e8 che \u00e8 tutto vero.\u201d (Eugenio Scalfari).<br \/>\nNon sono su fb.<br \/>\nSe avverto una (intima?) necessit\u00e0 di comunicazione \u201cpolitica\u201d chiedo (al livello locale che mi pu\u00f2 &#8211; forse &#8211; \u201criconoscere\u201d) che la nota venga pubblicata. Lo chiedo non di rado. Mi sorprende, ogni volta, registrare che \u201ccerta stampa\u201d accolga la mia istanza. Ovviamente, non mi sfiora neppure il pensiero che vi sia implicita condivisione. Talvolta, piuttosto, mi vado convincendo che andare incontro alla mia domanda di visibilit\u00e0 sia una sorta di subliminale condanna ad insulti pi\u00f9 o meno velati, pi\u00f9 o meno volgari. Una sorta di &#8230; \u201cte la sei cercata\u201d.<br \/>\nDa lettore, per converso, non sempre apprezzo ci\u00f2 che leggo. D\u2019altronde, non mi accontento della cronaca. Mi alimento di opinione. Talvolta, degusto deliziato. Talaltra, inghiotto amaro. \u201cVoi siete il quarto potere!\u201d &#8230; cos\u00ec esclam\u00f2 il parlamentare Edmund Burke rivolgendosi ai cronisti parlamentari seduti nella tribuna riservata alla stampa.<br \/>\nPer fortuna. Sai che triste fine farebbe uno Stato o una citt\u00e0 se tutto fosse rimesso al bilanciamento di pesi e contrappesi tra legislativo, esecutivo e giudiziario!?<br \/>\nLa verit\u00e0 \u00e8 &#8230; che \u201cLa stampa fa paura. Anche a me. In genere non modifica le situazioni, non ha quel potere che la leggenda le attribuisce, ma pu\u00f2 distruggere una persona. Se sbaglia, sono guai. E poi, non ci sono rimedi, anche quando tenta di riparare &#8230;\u201d (Enzo Biagi). Tuttavia, preferisco convivere con questo timore che sguazzare e gozzovigliare senza eco in lidi autoincensanti\u00a0 tra astanti che parlano tutti la stessa lingua (tra linguacce, pernacchie e gestacci) o che ascoltano la medesima omert\u00e0 (tra convenienze e connivenze).<br \/>\n\u201cNon esiste delitto, inganno, trucco, imbroglio e vizio che non vivano della loro segretezza. Portate alla luce del giorno questi segreti, descriveteli, rendeteli ridicoli agli occhi di tutti e prima o poi la pubblica opinione li getter\u00e0 via. La sola divulgazione di per s\u00e9 non \u00e8 forse sufficiente, ma \u00e8 l&#8217;unico mezzo senza il quale falliscono tutti gli altri.\u201d (Joseph Pulitzer).<br \/>\nChi assume responsabilit\u00e0 pubbliche sa (dovrebbe sapere) che \u00e8 &#8211; giustamente &#8211; sotto i riflettori. In un programma\/talk-show personale, si decide inquadratura, filtro, parrucco. In \u201cpubblico campo neutro\u201d \u00e8 questione di \u201cpalle\u201d. Viceversa, il \u201ccoglioncello\u201d \u00e8 di contrappasso.<br \/>\nEmilio Fragale<div id=\"div-gpt-ad-Messinaoggi.it-DSK-300x250-corpoart\" style=\"text-align:center;margin:0 auto;\"><\/div><\/p>\n<div id=\"videoincontent\" style=\"clear:both\";><\/div>","protected":false},"excerpt":{"rendered":"<p>Vi \u00e8 un filo sottile che unisce il clamore per le straripanti esternazioni di dimissioni\/non dimissioni del Sindaco on. Cateno De Luca e la sobria rinunzia al ruolo di coordinatrice dei Giovani di Forza Italia avv. Maria Fernanda Gervasi. U \u201cpubbirazzu\u201d fa audience. L\u2019ideale non suscita pi\u00f9 ne\u2019 emozioni ne\u2019 reazioni. Vi \u00e8 un filo [&hellip;]<\/p>\n","protected":false},"author":2,"featured_media":25566,"comment_status":"closed","ping_status":"open","sticky":false,"template":"","format":"standard","meta":{"ub_ctt_via":"","_mi_skip_tracking":false},"categories":[6],"tags":[],"featured_image_src":"https:\/\/www.messinaoggi.it\/website\/wp-content\/uploads\/2018\/10\/919CA42C-74C2-4DA9-8E7C-ED3742F81A88.jpeg","author_info":{"display_name":"Redazione","author_link":"https:\/\/www.messinaoggi.it\/website\/author\/redazione\/"},"digistream_id":0,"digistream":false,"_links":{"self":[{"href":"https:\/\/www.messinaoggi.it\/website\/wp-json\/wp\/v2\/posts\/25687"}],"collection":[{"href":"https:\/\/www.messinaoggi.it\/website\/wp-json\/wp\/v2\/posts"}],"about":[{"href":"https:\/\/www.messinaoggi.it\/website\/wp-json\/wp\/v2\/types\/post"}],"author":[{"embeddable":true,"href":"https:\/\/www.messinaoggi.it\/website\/wp-json\/wp\/v2\/users\/2"}],"replies":[{"embeddable":true,"href":"https:\/\/www.messinaoggi.it\/website\/wp-json\/wp\/v2\/comments?post=25687"}],"version-history":[{"count":0,"href":"https:\/\/www.messinaoggi.it\/website\/wp-json\/wp\/v2\/posts\/25687\/revisions"}],"wp:featuredmedia":[{"embeddable":true,"href":"https:\/\/www.messinaoggi.it\/website\/wp-json\/wp\/v2\/media\/25566"}],"wp:attachment":[{"href":"https:\/\/www.messinaoggi.it\/website\/wp-json\/wp\/v2\/media?parent=25687"}],"wp:term":[{"taxonomy":"category","embeddable":true,"href":"https:\/\/www.messinaoggi.it\/website\/wp-json\/wp\/v2\/categories?post=25687"},{"taxonomy":"post_tag","embeddable":true,"href":"https:\/\/www.messinaoggi.it\/website\/wp-json\/wp\/v2\/tags?post=25687"}],"curies":[{"name":"wp","href":"https:\/\/api.w.org\/{rel}","templated":true}]}}