{"id":256623,"date":"2025-12-11T10:31:01","date_gmt":"2025-12-11T09:31:01","guid":{"rendered":"http:\/\/www.messinaoggi.it\/website\/?p=256623"},"modified":"2025-12-11T10:31:04","modified_gmt":"2025-12-11T09:31:04","slug":"risanamento-basile-ringrazio-schifani-e-meloni","status":"publish","type":"post","link":"https:\/\/www.messinaoggi.it\/website\/2025\/12\/11\/risanamento-basile-ringrazio-schifani-e-meloni\/","title":{"rendered":"Risanamento, Basile: &#8220;Ringrazio Schifani e Meloni&#8221;"},"content":{"rendered":"\n<p>\u201cDesidero esprimere il mio ringraziamento al Presidente della Regione Siciliana, Renato Schifani, e al Governo nazionale guidato dal Presidente Giorgia Meloni per avere accolto la richiesta di proroga dei poteri speciali previsti per il risanamento delle aree baraccate della citt\u00e0 di Messina che avevamo sollecitato con una nota ufficiale lo scorso 17 ottobre.<div id=\"div-gpt-ad-Messinaoggi.it-DSK-300x250-corpoart\" style=\"text-align:center;margin:0 auto;\"><\/div><\/p>\n\n\n\n<p>Si tratta di una decisione fondamentale, che conferma attenzione istituzionale, responsabilit\u00e0 e consapevolezza rispetto a un percorso complesso che la citt\u00e0 sta portando avanti con determinazione. Grazie a una forte volont\u00e0 politica \u2013 territoriale, regionale e nazionale \u2013 supportata da norme e provvedimenti finalmente coerenti, dal 2018 con l&#8217;allora sindaco Cateno De Luca, Messina ha avviato un processo che oggi rappresenta una svolta storica: interi ambiti di risanamento sono stati demoliti, centinaia di famiglie hanno ricevuto una vera casa, e sono stati avviati progetti di rigenerazione urbana capaci di ricucire fratture sociali e urbanistiche radicate da generazioni.<div id=\"videoincontent\" style=\"clear:both\";><\/div><\/p>\n\n\n\n<p>Molto \u00e8 stato fatto, molto \u00e8 in corso, e molto resta ancora da realizzare affinch\u00e9 ogni famiglia originariamente censita possa vivere in una condizione dignitosa e sicura. La proroga dei poteri speciali era indispensabile per garantire continuit\u00e0 amministrativa e certezza degli interventi. Senza questo provvedimento, la scadenza del 31 dicembre avrebbe rischiato di interrompere un processo che ha finalmente trovato metodo, ritmo e risultati concreti.<\/p>\n\n\n\n<p>Ringrazio il Presidente Schifani e il Governo Meloni per avere riconosciuto la seriet\u00e0 del percorso intrapreso da Messina e per il sostegno offerto alla nostra comunit\u00e0.<\/p>\n\n\n\n<p>Continueremo a lavorare con determinazione affinch\u00e9 ogni area baraccata sia definitivamente liberata e ogni famiglia possa costruire il proprio futuro in una casa adeguata e sicura.<\/p>\n","protected":false},"excerpt":{"rendered":"<p>\u201cDesidero esprimere il mio ringraziamento al Presidente della Regione Siciliana, Renato Schifani, e al Governo nazionale guidato dal Presidente Giorgia Meloni per avere accolto la richiesta di proroga dei poteri speciali previsti per il risanamento delle aree baraccate della citt\u00e0 di Messina che avevamo sollecitato con una nota ufficiale lo scorso 17 ottobre. Si tratta [&hellip;]<\/p>\n","protected":false},"author":2,"featured_media":210539,"comment_status":"open","ping_status":"open","sticky":false,"template":"","format":"standard","meta":{"ub_ctt_via":"","_mi_skip_tracking":false},"categories":[6],"tags":[2972,1058,12076,1817,642],"featured_image_src":"https:\/\/www.messinaoggi.it\/website\/wp-content\/uploads\/2024\/09\/DExn.jpg","author_info":{"display_name":"Redazione","author_link":"https:\/\/www.messinaoggi.it\/website\/author\/redazione\/"},"digistream_id":0,"digistream":false,"_links":{"self":[{"href":"https:\/\/www.messinaoggi.it\/website\/wp-json\/wp\/v2\/posts\/256623"}],"collection":[{"href":"https:\/\/www.messinaoggi.it\/website\/wp-json\/wp\/v2\/posts"}],"about":[{"href":"https:\/\/www.messinaoggi.it\/website\/wp-json\/wp\/v2\/types\/post"}],"author":[{"embeddable":true,"href":"https:\/\/www.messinaoggi.it\/website\/wp-json\/wp\/v2\/users\/2"}],"replies":[{"embeddable":true,"href":"https:\/\/www.messinaoggi.it\/website\/wp-json\/wp\/v2\/comments?post=256623"}],"version-history":[{"count":1,"href":"https:\/\/www.messinaoggi.it\/website\/wp-json\/wp\/v2\/posts\/256623\/revisions"}],"predecessor-version":[{"id":256624,"href":"https:\/\/www.messinaoggi.it\/website\/wp-json\/wp\/v2\/posts\/256623\/revisions\/256624"}],"wp:featuredmedia":[{"embeddable":true,"href":"https:\/\/www.messinaoggi.it\/website\/wp-json\/wp\/v2\/media\/210539"}],"wp:attachment":[{"href":"https:\/\/www.messinaoggi.it\/website\/wp-json\/wp\/v2\/media?parent=256623"}],"wp:term":[{"taxonomy":"category","embeddable":true,"href":"https:\/\/www.messinaoggi.it\/website\/wp-json\/wp\/v2\/categories?post=256623"},{"taxonomy":"post_tag","embeddable":true,"href":"https:\/\/www.messinaoggi.it\/website\/wp-json\/wp\/v2\/tags?post=256623"}],"curies":[{"name":"wp","href":"https:\/\/api.w.org\/{rel}","templated":true}]}}