{"id":256615,"date":"2025-12-11T10:04:04","date_gmt":"2025-12-11T09:04:04","guid":{"rendered":"http:\/\/www.messinaoggi.it\/website\/?p=256615"},"modified":"2025-12-11T10:04:05","modified_gmt":"2025-12-11T09:04:05","slug":"finanziaria-de-luca-promette-battaglia-al-governo","status":"publish","type":"post","link":"https:\/\/www.messinaoggi.it\/website\/2025\/12\/11\/finanziaria-de-luca-promette-battaglia-al-governo\/","title":{"rendered":"Finanziaria, De Luca promette battaglia al governo"},"content":{"rendered":"\n<p>Intervenendo all\u2019Assemblea Regionale Siciliana in apertura del dibattito sulla legge di stabilit\u00e0, il leader di Sud Chiama Nord, Cateno De Luca, ha denunciato un quadro \u201cpreoccupante\u201d del sistema amministrativo siciliano e un avvio inadeguato della discussione parlamentare sulla manovra.<div id=\"div-gpt-ad-Messinaoggi.it-DSK-300x250-corpoart\" style=\"text-align:center;margin:0 auto;\"><\/div><\/p>\n\n\n\n<p> \u00abLa terza legge di stabilit\u00e0 del Governo Schifani parte male. In commissione Bilancio sono arrivati emendamenti senza il tempo necessario per un adeguato approfondimento. Non si pu\u00f2 affrontare cos\u00ec la legge pi\u00f9 importante dell\u2019anno\u00bb, ha dichiarato.<div id=\"videoincontent\" style=\"clear:both\";><\/div><\/p>\n\n\n\n<p>Pur essendo forza di opposizione, Sud Chiama Nord ha scelto di rimanere ai lavori della commissione. \u00abIl nostro dovere \u00e8 migliorare le norme. Siamo rimasti al tavolo e abbiamo ottenuto l\u2019approvazione delle misure essenziali non solo per i territori, ma per l\u2019intero sistema Sicilia. \u00bb, ha sottolineato De Luca, ricordando inoltre che il 29 ottobre il movimento ha consegnato al Presidente Schifani 100 proposte: \u00abInterventi frutto dell\u2019esperienza amministrativa sui territori: valorizzazione degli enti locali, servizi ai cittadini, investimenti produttivi, stabilizzazione del personale precario, tutela ambientale, mobilit\u00e0 sostenibile, promozione culturale. La Sicilia non si governa da un palazzo come un \u201cRe Sole\u201d, ma con i territori.\u00bb<\/p>\n\n\n\n<p>Il leader di Sud Chiama Nord ha poi definito \u201cirreversibile\u201d la crisi delle autonomie locali: 78 Comuni in dissesto, 40 in riequilibrio e oltre 200 in dissesto funzionale. \u00abCos\u00ec non si costruisce sviluppo. Spendiamo milioni in promozione turistica, ma non garantiamo servizi minimi come acqua, pulizia, vigilanza e mobilit\u00e0. \u00c8 un paradosso che offende la Sicilia\u00bb, ha affermato. \u00abDa vent\u2019anni la Regione utilizza i fondi per gli enti locali come un bancomat per sostenere l\u2019apparato centrale. \u00c8 un modello centralista che mortifica i territori. Servono 391 sentinelle del territorio, sindaci protagonisti, non un verticismo che ignora la vita reale. Ed \u00e8 inaccettabile, ha denunciato De Luca, che, per l\u2019ennesima volta, il Governo regionale non ha avviato alcun dialogo con l\u2019ANCI sulla manovra.<\/p>\n\n\n\n<p>Invito dunque il presidente Schifani a convocare subito il presidente dell\u2019ANCI per un confronto reale, perch\u00e9 questa \u00e8 la seconda legge di stabilit\u00e0 consecutiva che arriva in Aula senza un preventivo coinvolgimento dei Comuni. Un metodo inaccettabile, soprattutto alla luce delle condizioni in cui versano i nostri enti locali, tra dissesti, predissesti e una fragilit\u00e0 strutturale ormai evidente.\u00bb<\/p>\n\n\n\n<p>De Luca ha chiesto chiarezza sulla liquidit\u00e0 sbandierata dal Governo regionale: \u00abSe ci sono 14 miliardi in cassa, quanti sono realmente disponibili o vincolati perch\u00e9 trattasi di anticipazioni per i fondi extraregionali? Perch\u00e9 i dipartimenti ritardano cos\u00ec tanto i trasferimenti? E perch\u00e9 nella sanit\u00e0 non \u00e8 stato ancora saldato il 2024 ai creditori e ai soggetti convenzionati, n\u00e9 \u00e8 stato assegnato loro il budget 2025?\u00bb<\/p>\n\n\n\n<p>Ha inoltre individuato nella burocrazia regionale \u00abuna delle principali cause del blocco degli investimenti\u00bb, proponendo di aumentare al 90% le anticipazioni sui fondi extra-regionali ai comuni per velocizzare la spesa.\u00bb<\/p>\n\n\n\n<p>Sul tema della ZES Unica, De Luca ha evidenziato un\u2019altra criticit\u00e0 strutturale: \u00abIn tutta Italia il sistema funziona con un\u2019unica piattaforma telematica. In Sicilia gli uffici regionali non sono collegati, costringendo gli investitori a caricare gli stessi documenti pi\u00f9 volte. Cos\u00ec perdiamo opportunit\u00e0 e continuiamo a chiederci perch\u00e9 gli investimenti non arrivano.\u00bb<\/p>\n\n\n\n<p>De Luca ha ricordato gli impegni assunti dall\u2019assessore Dagnino durante la commissione Bilancio: \u00abAumentare di almeno 50 milioni il Fondo per le Autonomie Locali ed eliminare la disparit\u00e0 per il TPL urbano di Messina.\u00bb<\/p>\n\n\n\n<p>\u00abLa nostra valutazione finale sulla manovra\u00bb, ha aggiunto, \u00abdipender\u00e0 dal rispetto di questi impegni in Aula e dal collegamento a questa legge di stabilit\u00e0 della prossima variazione di bilancio prevista per luglio dal valore di circa 2 miliardi di euro.\u00bb<\/p>\n","protected":false},"excerpt":{"rendered":"<p>Intervenendo all\u2019Assemblea Regionale Siciliana in apertura del dibattito sulla legge di stabilit\u00e0, il leader di Sud Chiama Nord, Cateno De Luca, ha denunciato un quadro \u201cpreoccupante\u201d del sistema amministrativo siciliano e un avvio inadeguato della discussione parlamentare sulla manovra. \u00abLa terza legge di stabilit\u00e0 del Governo Schifani parte male. In commissione Bilancio sono arrivati emendamenti [&hellip;]<\/p>\n","protected":false},"author":2,"featured_media":255443,"comment_status":"open","ping_status":"open","sticky":false,"template":"","format":"standard","meta":{"ub_ctt_via":"","_mi_skip_tracking":false},"categories":[6],"tags":[126,1091,757,5307],"featured_image_src":"https:\/\/www.messinaoggi.it\/website\/wp-content\/uploads\/2025\/11\/Schermata-2025-03-18-alle-23.46.03-1.png","author_info":{"display_name":"Redazione","author_link":"https:\/\/www.messinaoggi.it\/website\/author\/redazione\/"},"digistream_id":0,"digistream":false,"_links":{"self":[{"href":"https:\/\/www.messinaoggi.it\/website\/wp-json\/wp\/v2\/posts\/256615"}],"collection":[{"href":"https:\/\/www.messinaoggi.it\/website\/wp-json\/wp\/v2\/posts"}],"about":[{"href":"https:\/\/www.messinaoggi.it\/website\/wp-json\/wp\/v2\/types\/post"}],"author":[{"embeddable":true,"href":"https:\/\/www.messinaoggi.it\/website\/wp-json\/wp\/v2\/users\/2"}],"replies":[{"embeddable":true,"href":"https:\/\/www.messinaoggi.it\/website\/wp-json\/wp\/v2\/comments?post=256615"}],"version-history":[{"count":1,"href":"https:\/\/www.messinaoggi.it\/website\/wp-json\/wp\/v2\/posts\/256615\/revisions"}],"predecessor-version":[{"id":256616,"href":"https:\/\/www.messinaoggi.it\/website\/wp-json\/wp\/v2\/posts\/256615\/revisions\/256616"}],"wp:featuredmedia":[{"embeddable":true,"href":"https:\/\/www.messinaoggi.it\/website\/wp-json\/wp\/v2\/media\/255443"}],"wp:attachment":[{"href":"https:\/\/www.messinaoggi.it\/website\/wp-json\/wp\/v2\/media?parent=256615"}],"wp:term":[{"taxonomy":"category","embeddable":true,"href":"https:\/\/www.messinaoggi.it\/website\/wp-json\/wp\/v2\/categories?post=256615"},{"taxonomy":"post_tag","embeddable":true,"href":"https:\/\/www.messinaoggi.it\/website\/wp-json\/wp\/v2\/tags?post=256615"}],"curies":[{"name":"wp","href":"https:\/\/api.w.org\/{rel}","templated":true}]}}