{"id":256569,"date":"2025-12-10T17:15:45","date_gmt":"2025-12-10T16:15:45","guid":{"rendered":"http:\/\/www.messinaoggi.it\/website\/?p=256569"},"modified":"2025-12-10T17:15:49","modified_gmt":"2025-12-10T16:15:49","slug":"matteo-sciotto-scn-la-regione-intervenga-subito-la-nocciolicoltura-dei-nebrodi-e-al-collasso","status":"publish","type":"post","link":"https:\/\/www.messinaoggi.it\/website\/2025\/12\/10\/matteo-sciotto-scn-la-regione-intervenga-subito-la-nocciolicoltura-dei-nebrodi-e-al-collasso\/","title":{"rendered":"Matteo Sciotto (Scn) : \u00abLa Regione intervenga subito: la nocciolicoltura dei Nebrodi \u00e8 al collasso\u00bb"},"content":{"rendered":"\n<p>Il deputato regionale <strong>Matteo Sciotto<\/strong> ha presentato un\u2019interrogazione parlamentare rivolta al Presidente della Regione e all\u2019Assessore all\u2019Agricoltura per chiedere interventi immediati e misure strutturali a tutela del comparto dedito alla nocciolicoltura dei Nebrodi  .<div id=\"div-gpt-ad-Messinaoggi.it-DSK-300x250-corpoart\" style=\"text-align:center;margin:0 auto;\"><\/div><\/p>\n\n\n\n<p>\u00abIl comparto corilicolo dei Nebrodi \u00e8 travolto da una crisi senza precedenti, con una perdita delle rese che supera l\u201980% e intere aree in cui il raccolto 2025 \u00e8 letteralmente azzerato. Siamo davanti a un\u2019emergenza che mette in ginocchio centinaia di aziende agricole e intere comunit\u00e0 montane. La Regione non pu\u00f2 restare a guardare\u00bb.<div id=\"videoincontent\" style=\"clear:both\";><\/div><\/p>\n\n\n\n<p>Sciotto evidenzia come la crisi del settore sia frutto di una \u00abconvergenza devastante di eventi climatici estremi, siccit\u00e0 persistente, gelate anomale, fitopatie, attacchi parassitari e danni provocati dalla fauna selvatica\u00bb, fattori che \u00abhanno compromesso irrimediabilmente le produzioni e messo a rischio la sopravvivenza stessa delle aziende agricole dei Nebrodi\u00bb.<\/p>\n\n\n\n<p>La situazione, precisa il deputato, riguarda in particolare i territori di Montalbano Elicona, Tortorici, Sinagra, Raccuja, Ucria, Castell\u2019Umberto, San Salvatore di Fitalia e Galati Mamertino, dove molti imprenditori agricoli \u00absono stati costretti ad abbandonare le cure colturali, non potendo sostenere costi ormai insostenibili a fronte di una produzione inesistente\u00bb.<\/p>\n\n\n\n<p>Nell\u2019interrogazione depositata all\u2019ARS, Sciotto chiede al Governo regionale: la dichiarazione immediata dello stato di crisi per il comparto corilicolo dei Nebrodi per l\u2019annualit\u00e0 2025, come richiesto all\u2019unanimit\u00e0 anche dal Consiglio Comunale di Montalbano Elicona; l\u2019attivazione tempestiva di ristori diretti alle aziende danneggiate e misure di sostegno al reddito delle famiglie agricole; interventi per la salvaguardia dell&#8217;occupazione stagionale, oggi seriamente compromessa; un piano strutturale di resilienza della nocciolicoltura siciliana, capace di fronteggiare gli effetti dei cambiamenti climatici e delle emergenze fitosanitarie; tempi certi e verificabili per l\u2019attivazione degli aiuti, \u00abper evitare che la burocrazia aggravi irreversibilmente una situazione gi\u00e0 drammatica\u00bb.<\/p>\n\n\n\n<p>\u00abSenza un intervento rapido e concreto \u2013 afferma Sciotto \u2013 rischiamo un arretramento irreversibile: perdere superfici coltivate, competenze produttive, intere economie familiari e il presidio umano delle aree interne dei Nebrodi. La nocciolicoltura non \u00e8 solo agricoltura: \u00e8 identit\u00e0, paesaggio, storia e futuro di un territorio che oggi chiede alla Regione risposte, non rinvii\u00bb.<\/p>\n\n\n\n<p>Sciotto conclude auspicando che \u00abil Governo regionale riconosca la gravit\u00e0 della condizione e apra immediatamente un tavolo operativo, perch\u00e9 ogni giorno di ritardo equivale a un ulteriore colpo a un comparto gi\u00e0 al limite della sopravvivenza\u00bb.<\/p>\n","protected":false},"excerpt":{"rendered":"<p>Il deputato regionale Matteo Sciotto ha presentato un\u2019interrogazione parlamentare rivolta al Presidente della Regione e all\u2019Assessore all\u2019Agricoltura per chiedere interventi immediati e misure strutturali a tutela del comparto dedito alla nocciolicoltura dei Nebrodi . \u00abIl comparto corilicolo dei Nebrodi \u00e8 travolto da una crisi senza precedenti, con una perdita delle rese che supera l\u201980% e [&hellip;]<\/p>\n","protected":false},"author":15,"featured_media":165714,"comment_status":"open","ping_status":"open","sticky":false,"template":"","format":"standard","meta":{"ub_ctt_via":"","_mi_skip_tracking":false},"categories":[18,4,6,11],"tags":[6684,170,12069,757,5307],"featured_image_src":"https:\/\/www.messinaoggi.it\/website\/wp-content\/uploads\/2023\/08\/Matteo-Sciotto.jpg","author_info":{"display_name":"red.me","author_link":"https:\/\/www.messinaoggi.it\/website\/author\/red-me\/"},"digistream_id":0,"digistream":false,"_links":{"self":[{"href":"https:\/\/www.messinaoggi.it\/website\/wp-json\/wp\/v2\/posts\/256569"}],"collection":[{"href":"https:\/\/www.messinaoggi.it\/website\/wp-json\/wp\/v2\/posts"}],"about":[{"href":"https:\/\/www.messinaoggi.it\/website\/wp-json\/wp\/v2\/types\/post"}],"author":[{"embeddable":true,"href":"https:\/\/www.messinaoggi.it\/website\/wp-json\/wp\/v2\/users\/15"}],"replies":[{"embeddable":true,"href":"https:\/\/www.messinaoggi.it\/website\/wp-json\/wp\/v2\/comments?post=256569"}],"version-history":[{"count":6,"href":"https:\/\/www.messinaoggi.it\/website\/wp-json\/wp\/v2\/posts\/256569\/revisions"}],"predecessor-version":[{"id":256575,"href":"https:\/\/www.messinaoggi.it\/website\/wp-json\/wp\/v2\/posts\/256569\/revisions\/256575"}],"wp:featuredmedia":[{"embeddable":true,"href":"https:\/\/www.messinaoggi.it\/website\/wp-json\/wp\/v2\/media\/165714"}],"wp:attachment":[{"href":"https:\/\/www.messinaoggi.it\/website\/wp-json\/wp\/v2\/media?parent=256569"}],"wp:term":[{"taxonomy":"category","embeddable":true,"href":"https:\/\/www.messinaoggi.it\/website\/wp-json\/wp\/v2\/categories?post=256569"},{"taxonomy":"post_tag","embeddable":true,"href":"https:\/\/www.messinaoggi.it\/website\/wp-json\/wp\/v2\/tags?post=256569"}],"curies":[{"name":"wp","href":"https:\/\/api.w.org\/{rel}","templated":true}]}}