{"id":256565,"date":"2025-12-10T17:06:45","date_gmt":"2025-12-10T16:06:45","guid":{"rendered":"https:\/\/www.messinaoggi.it\/website\/2025\/12\/10\/cucina-italiana-lollobrigida-unesco-celebra-la-forza-della-nostra-cultura\/"},"modified":"2025-12-10T17:06:45","modified_gmt":"2025-12-10T16:06:45","slug":"cucina-italiana-lollobrigida-unesco-celebra-la-forza-della-nostra-cultura","status":"publish","type":"post","link":"https:\/\/www.messinaoggi.it\/website\/2025\/12\/10\/cucina-italiana-lollobrigida-unesco-celebra-la-forza-della-nostra-cultura\/","title":{"rendered":"Cucina italiana, Lollobrigida \u201cUnesco celebra la forza della nostra cultura\u201d"},"content":{"rendered":"<div>ROMA (ITALPRESS) &#8211; &#8220;La Cucina Italiana \u00e8 Patrimonio dell&#8217;Umanit\u00e0. Oggi l&#8217;Italia ha vinto ed \u00e8 una festa che appartiene a tutti perch\u00e8 parla delle nostre radici, della nostra creativit\u00e0 e della nostra capacit\u00e0 di trasformare la tradizione in valore universale&#8221;. Cos\u00ec il ministro dell&#8217;Agricoltura, della Sovranit\u00e0 alimentare e delle Foreste, Francesco Lollobrigida, commentando il riconoscimento dell&#8217;Unesco alla Cucina Italiana Patrimonio dell&#8217;Umanit\u00e0.<br \/>&#8220;Questo riconoscimento celebra la forza della nostra cultura che \u00e8 identit\u00e0 nazionale, orgoglio e visione &#8211; prosegue il Ministro Lollobrigida -. La Cucina Italiana \u00e8 il racconto di tutti noi, di un popolo che ha custodito i propri saperi e li ha trasformati in eccellenza, generazione dopo generazione. E&#8217; la festa delle famiglie che tramandano sapori antichi, degli agricoltori che custodiscono la terra, dei produttori che lavorano con passione, dei ristoratori che portano nel mondo il valore autentico dell&#8217;Italia. A loro e a chi ha lavorato con dedizione a questa candidatura va il mio pi\u00f9 profondo ringraziamento&#8221;.<br \/>&#8220;Questo riconoscimento \u00e8 motivo di orgoglio ma anche di consapevolezza dell&#8217;ulteriore valorizzazione di cui godranno i nostri prodotti, i nostri territori, le nostre filiere. Sar\u00e0 anche uno strumento in pi\u00f9 per contrastare chi cerca di approfittare del valore che tutto il mondo riconosce al Made in Italy e rappresenter\u00e0 nuove opportunit\u00e0 per creare posti di lavoro, ricchezza sui territori e proseguire nel solco di questa tradizione che l&#8217;Unesco ha riconosciuto come patrimonio dell&#8217;Umanit\u00e0&#8221;, conclude il ministro Lollobrigida.<div id=\"div-gpt-ad-Messinaoggi.it-DSK-300x250-corpoart\" style=\"text-align:center;margin:0 auto;\"><\/div><\/p>\n<p>&#8211; Foto IPA Agency &#8211;<div id=\"videoincontent\" style=\"clear:both\";><\/div><\/p>\n<p>(ITALPRESS).<\/p><\/div>\n","protected":false},"excerpt":{"rendered":"<p>ROMA (ITALPRESS) &#8211; &#8220;La Cucina Italiana \u00e8 Patrimonio dell&#8217;Umanit\u00e0. Oggi l&#8217;Italia ha vinto ed \u00e8 una festa che appartiene a tutti perch\u00e8 parla delle nostre radici, della nostra creativit\u00e0 e della nostra capacit\u00e0 di trasformare la tradizione in valore universale&#8221;. Cos\u00ec il ministro dell&#8217;Agricoltura, della Sovranit\u00e0 alimentare e delle Foreste, Francesco Lollobrigida, commentando il riconoscimento [&hellip;]<\/p>\n","protected":false},"author":18,"featured_media":256566,"comment_status":"closed","ping_status":"closed","sticky":false,"template":"","format":"standard","meta":{"ub_ctt_via":"","_mi_skip_tracking":false},"categories":[446],"tags":[783],"featured_image_src":"https:\/\/www.messinaoggi.it\/website\/wp-content\/uploads\/2025\/12\/20251210_1539.jpg","author_info":{"display_name":"Admin","author_link":"https:\/\/www.messinaoggi.it\/website\/author\/admin\/"},"digistream_id":0,"digistream":false,"_links":{"self":[{"href":"https:\/\/www.messinaoggi.it\/website\/wp-json\/wp\/v2\/posts\/256565"}],"collection":[{"href":"https:\/\/www.messinaoggi.it\/website\/wp-json\/wp\/v2\/posts"}],"about":[{"href":"https:\/\/www.messinaoggi.it\/website\/wp-json\/wp\/v2\/types\/post"}],"author":[{"embeddable":true,"href":"https:\/\/www.messinaoggi.it\/website\/wp-json\/wp\/v2\/users\/18"}],"replies":[{"embeddable":true,"href":"https:\/\/www.messinaoggi.it\/website\/wp-json\/wp\/v2\/comments?post=256565"}],"version-history":[{"count":0,"href":"https:\/\/www.messinaoggi.it\/website\/wp-json\/wp\/v2\/posts\/256565\/revisions"}],"wp:featuredmedia":[{"embeddable":true,"href":"https:\/\/www.messinaoggi.it\/website\/wp-json\/wp\/v2\/media\/256566"}],"wp:attachment":[{"href":"https:\/\/www.messinaoggi.it\/website\/wp-json\/wp\/v2\/media?parent=256565"}],"wp:term":[{"taxonomy":"category","embeddable":true,"href":"https:\/\/www.messinaoggi.it\/website\/wp-json\/wp\/v2\/categories?post=256565"},{"taxonomy":"post_tag","embeddable":true,"href":"https:\/\/www.messinaoggi.it\/website\/wp-json\/wp\/v2\/tags?post=256565"}],"curies":[{"name":"wp","href":"https:\/\/api.w.org\/{rel}","templated":true}]}}