{"id":256563,"date":"2025-12-10T17:06:43","date_gmt":"2025-12-10T16:06:43","guid":{"rendered":"https:\/\/www.messinaoggi.it\/website\/2025\/12\/10\/cuori-olimpici-como-chiude-la-staffetta-fra-le-province-lombarde\/"},"modified":"2025-12-10T17:06:43","modified_gmt":"2025-12-10T16:06:43","slug":"cuori-olimpici-como-chiude-la-staffetta-fra-le-province-lombarde","status":"publish","type":"post","link":"https:\/\/www.messinaoggi.it\/website\/2025\/12\/10\/cuori-olimpici-como-chiude-la-staffetta-fra-le-province-lombarde\/","title":{"rendered":"\u201cCuori Olimpici\u201d, Como chiude la staffetta fra le province lombarde"},"content":{"rendered":"<div>COMO (ITALPRESS) &#8211; Como ha chiuso ufficialmente la staffetta fra le province lombarde che ha portato il progetto &#8220;Cuori Olimpici &#8211; Il cuore del Giochi Olimpici e Paralimpici invernali di Milano Cortina 2026&#8221;, voluto da Regione Lombardia, in tutta la Lombardia. Con la Como Lake Half Marathon, cui hanno partecipato circa 1500 persone, il progetto ha portato a termine la sua duplice missione: da un lato rafforzare nei territori la consapevolezza e l&#8217;orgoglio di ospitare un appuntamento come i Giochi invernali 2026 di portata mondiale, dall&#8217;altro valorizzare l&#8217;identit\u00e0 lombarda e le sue eccellenze con un calendario di eventi diffuso. Cuori Olimpici infatti \u00e8 partito da Brescia il 9 marzo per toccare i 12 capoluoghi di provincia e unire cos\u00ec l&#8217;intera regione nella narrazione dei valori olimpici. &#8220;I Cuori Olimpici hanno toccato dodici province lombarde e i Giochi lasceranno il segno su tutta la Lombardia, da vetrina prestigiosa quali sono, ci aiuteranno a promuovere l&#8217;intero territorio &#8211; ha detto Debora Massari, Assessore al Turismo, Marketing territoriale e Moda di Regione Lombardia, commentando la conclusione del progetto &#8211; Il turismo sportivo \u00e8 una realt\u00e0 consolidata e sempre pi\u00f9 in crescita, permette di sfruttare al meglio le risorse naturali, in questo caso di correre in un contesto meraviglioso come quello del Lago di Como, e di rendere la destagionalizzazione una realt\u00e0 attraverso grandi eventi. Non ultimo mostra le capacit\u00e0 organizzative che questa regione ha in seno. Un&#8217;attrattiva fondamentale, tra l&#8217;altro legata al benessere, una frontiera in cui credo moltissimo, anche da sportiva&#8221;.<br \/>La Como Lake Half Marathon ha fatto vivere alla citt\u00e0 una giornata di festa e condivisione dei valori sportivi. A consegnare il cuore bianco marmo, simbolo del progetto, all&#8217;Assessore Bodero Maccabeo del Comune di Como c&#8217;era il direttore generale Turismo e Marketing Territoriale e Moda di Regione Lombardia, Paola Negroni.<br \/>La tappa comasca di Cuori Olimpici ha avuto il sostegno di aziende come Sopra Steria, BIP, Toptaglio e BV TECH, grazie alle quali, anche a Como i partecipanti alla mezza maratona, familiari e amici hanno potuto ritirare allo stand di Cuori Olimpici gadget e materiali da portare a casa.<div id=\"div-gpt-ad-Messinaoggi.it-DSK-300x250-corpoart\" style=\"text-align:center;margin:0 auto;\"><\/div><\/p>\n<p>&#8211; foto f03\/Italpress &#8211;<br \/>(ITALPRESS).<\/div>\n<div id=\"videoincontent\" style=\"clear:both\";><\/div>","protected":false},"excerpt":{"rendered":"<p>COMO (ITALPRESS) &#8211; Como ha chiuso ufficialmente la staffetta fra le province lombarde che ha portato il progetto &#8220;Cuori Olimpici &#8211; Il cuore del Giochi Olimpici e Paralimpici invernali di Milano Cortina 2026&#8221;, voluto da Regione Lombardia, in tutta la Lombardia. Con la Como Lake Half Marathon, cui hanno partecipato circa 1500 persone, il progetto [&hellip;]<\/p>\n","protected":false},"author":18,"featured_media":256564,"comment_status":"closed","ping_status":"closed","sticky":false,"template":"","format":"standard","meta":{"ub_ctt_via":"","_mi_skip_tracking":false},"categories":[446],"tags":[783],"featured_image_src":"https:\/\/www.messinaoggi.it\/website\/wp-content\/uploads\/2025\/12\/20251210_1064.jpg","author_info":{"display_name":"Admin","author_link":"https:\/\/www.messinaoggi.it\/website\/author\/admin\/"},"digistream_id":0,"digistream":false,"_links":{"self":[{"href":"https:\/\/www.messinaoggi.it\/website\/wp-json\/wp\/v2\/posts\/256563"}],"collection":[{"href":"https:\/\/www.messinaoggi.it\/website\/wp-json\/wp\/v2\/posts"}],"about":[{"href":"https:\/\/www.messinaoggi.it\/website\/wp-json\/wp\/v2\/types\/post"}],"author":[{"embeddable":true,"href":"https:\/\/www.messinaoggi.it\/website\/wp-json\/wp\/v2\/users\/18"}],"replies":[{"embeddable":true,"href":"https:\/\/www.messinaoggi.it\/website\/wp-json\/wp\/v2\/comments?post=256563"}],"version-history":[{"count":0,"href":"https:\/\/www.messinaoggi.it\/website\/wp-json\/wp\/v2\/posts\/256563\/revisions"}],"wp:featuredmedia":[{"embeddable":true,"href":"https:\/\/www.messinaoggi.it\/website\/wp-json\/wp\/v2\/media\/256564"}],"wp:attachment":[{"href":"https:\/\/www.messinaoggi.it\/website\/wp-json\/wp\/v2\/media?parent=256563"}],"wp:term":[{"taxonomy":"category","embeddable":true,"href":"https:\/\/www.messinaoggi.it\/website\/wp-json\/wp\/v2\/categories?post=256563"},{"taxonomy":"post_tag","embeddable":true,"href":"https:\/\/www.messinaoggi.it\/website\/wp-json\/wp\/v2\/tags?post=256563"}],"curies":[{"name":"wp","href":"https:\/\/api.w.org\/{rel}","templated":true}]}}