{"id":256542,"date":"2025-12-10T16:20:04","date_gmt":"2025-12-10T15:20:04","guid":{"rendered":"http:\/\/www.messinaoggi.it\/website\/?p=256542"},"modified":"2025-12-10T16:20:05","modified_gmt":"2025-12-10T15:20:05","slug":"pista-ciclabile-via-geraci-via-trieste-per-fdi-e-follia","status":"publish","type":"post","link":"https:\/\/www.messinaoggi.it\/website\/2025\/12\/10\/pista-ciclabile-via-geraci-via-trieste-per-fdi-e-follia\/","title":{"rendered":"Pista ciclabile via Geraci via Trieste, per FdI \u00e8 follia"},"content":{"rendered":"\n<p>Il gruppo consiliare di Fratelli d\u2019italia composto da <strong>Libero Gioveni<\/strong>, <strong>Pasquale Curr\u00f3<\/strong> e <strong>Dario Carbone<\/strong> si dice &#8220;sconvolto&#8221; e commenta cos\u00ec la realizzazione dei lavori della nuova pista ciclabile in via Geraci e via Trieste. <div id=\"div-gpt-ad-Messinaoggi.it-DSK-300x250-corpoart\" style=\"text-align:center;margin:0 auto;\"><\/div><\/p>\n\n\n\n<p>\u201cL\u2019Assessore Mondello, i Dirigenti ed il RUP dovrebbero immediatamente venire a riferire in aula su questo obbrobrio chiedendo scusa a tutta la citt\u00e0 ed assumendo immediatamente l\u2019impegno di ripristinare la viabilit\u00e0 precedente\u201d dichiarano.<div id=\"videoincontent\" style=\"clear:both\";><\/div><\/p>\n\n\n\n<p>\u201cUna scelta sconsiderata che innalza il livello di pericolosit\u00e0 per pedoni, disabili e passanti e che non ha nulla a che vedere con la mobilit\u00e0 sostenibile\u201d continuano.<\/p>\n\n\n\n<p>\u201cVediamo chi avr\u00e0 il coraggio di difendere questa malsana idea e chi continuer\u00e0 a sostenere queste inutili ed inutilizzate piste ciclabili in centro citt\u00e0\u201d concludono Gioveni, Curr\u00f3 e Carbone.<\/p>\n","protected":false},"excerpt":{"rendered":"<p>Il gruppo consiliare di Fratelli d\u2019italia composto da Libero Gioveni, Pasquale Curr\u00f3 e Dario Carbone si dice &#8220;sconvolto&#8221; e commenta cos\u00ec la realizzazione dei lavori della nuova pista ciclabile in via Geraci e via Trieste. \u201cL\u2019Assessore Mondello, i Dirigenti ed il RUP dovrebbero immediatamente venire a riferire in aula su questo obbrobrio chiedendo scusa a [&hellip;]<\/p>\n","protected":false},"author":15,"featured_media":153640,"comment_status":"open","ping_status":"open","sticky":false,"template":"","format":"standard","meta":{"ub_ctt_via":"","_mi_skip_tracking":false},"categories":[4,6],"tags":[3756,1526,740,11828,11829],"featured_image_src":"https:\/\/www.messinaoggi.it\/website\/wp-content\/uploads\/2023\/05\/foto-gruppo-FdI.jpg","author_info":{"display_name":"red.me","author_link":"https:\/\/www.messinaoggi.it\/website\/author\/red-me\/"},"digistream_id":0,"digistream":false,"_links":{"self":[{"href":"https:\/\/www.messinaoggi.it\/website\/wp-json\/wp\/v2\/posts\/256542"}],"collection":[{"href":"https:\/\/www.messinaoggi.it\/website\/wp-json\/wp\/v2\/posts"}],"about":[{"href":"https:\/\/www.messinaoggi.it\/website\/wp-json\/wp\/v2\/types\/post"}],"author":[{"embeddable":true,"href":"https:\/\/www.messinaoggi.it\/website\/wp-json\/wp\/v2\/users\/15"}],"replies":[{"embeddable":true,"href":"https:\/\/www.messinaoggi.it\/website\/wp-json\/wp\/v2\/comments?post=256542"}],"version-history":[{"count":4,"href":"https:\/\/www.messinaoggi.it\/website\/wp-json\/wp\/v2\/posts\/256542\/revisions"}],"predecessor-version":[{"id":256546,"href":"https:\/\/www.messinaoggi.it\/website\/wp-json\/wp\/v2\/posts\/256542\/revisions\/256546"}],"wp:featuredmedia":[{"embeddable":true,"href":"https:\/\/www.messinaoggi.it\/website\/wp-json\/wp\/v2\/media\/153640"}],"wp:attachment":[{"href":"https:\/\/www.messinaoggi.it\/website\/wp-json\/wp\/v2\/media?parent=256542"}],"wp:term":[{"taxonomy":"category","embeddable":true,"href":"https:\/\/www.messinaoggi.it\/website\/wp-json\/wp\/v2\/categories?post=256542"},{"taxonomy":"post_tag","embeddable":true,"href":"https:\/\/www.messinaoggi.it\/website\/wp-json\/wp\/v2\/tags?post=256542"}],"curies":[{"name":"wp","href":"https:\/\/api.w.org\/{rel}","templated":true}]}}