{"id":256521,"date":"2025-12-10T12:23:30","date_gmt":"2025-12-10T11:23:30","guid":{"rendered":"http:\/\/www.messinaoggi.it\/website\/?p=256521"},"modified":"2025-12-10T12:23:36","modified_gmt":"2025-12-10T11:23:36","slug":"disagio-abitativo-al-via-pagamenti-canoni","status":"publish","type":"post","link":"https:\/\/www.messinaoggi.it\/website\/2025\/12\/10\/disagio-abitativo-al-via-pagamenti-canoni\/","title":{"rendered":"&#8220;Disagio abitativo&#8221;: al via pagamenti canoni"},"content":{"rendered":"\n<p>Nell\u2019ambito del Progetto <strong>\u201cHOME \u2013 POC ME IV 3.1.F. Contrasto al disagio abitativo\u201d,<\/strong> da oggi sono state avviate le procedure di pagamento dei contributi destinati al canone di locazione relativi ai mesi di novembre e dicembre per i primi beneficiari individuati. Si precisa che l\u2019avvio delle procedure non comporta l\u2019accredito immediato delle somme, che verranno liquidate nei tempi tecnici previsti. L\u2019Amministrazione Comunale comunica che gi\u00e0 dalla prossima settimana sar\u00e0 completato il pagamento a favore dei locatori che hanno acconsentito alla ricezione diretta del contributo sul proprio conto corrente.<div id=\"div-gpt-ad-Messinaoggi.it-DSK-300x250-corpoart\" style=\"text-align:center;margin:0 auto;\"><\/div><\/p>\n\n\n\n<p>Per quanto riguarda le utenze domestiche (luce e gas), l\u2019erogazione dei contributi inizier\u00e0 <strong>a partire da gennaio 2026<\/strong>, direttamente sui conti correnti dei beneficiari, a seguito della presentazione delle quietanze di pagamento relative ai mesi di novembre e dicembre 2025. Le modalit\u00e0 e le tempistiche per la consegna della documentazione saranno comunicate con apposito avviso nei primi giorni di gennaio tramite il portale istituzionale e la pagina Facebook del Comune di Messina. La pubblicazione dell\u2019elenco dei beneficiari inseriti nella lista di scorrimento \u00e8 prevista tra la fine di dicembre 2025 e i primi giorni di gennaio 2026 e sar\u00e0 disponibile sul sito web del Comune di Messina.<div id=\"videoincontent\" style=\"clear:both\";><\/div><\/p>\n\n\n\n<p>\u201cIl Progetto HOME rappresenta un concreto sostegno per le famiglie in difficolt\u00e0, confermando l\u2019impegno del Comune a garantire il diritto alla casa e la serenit\u00e0 dei cittadini. Si tratta di un intervento che rafforza la nostra visione di una citt\u00e0 solidale e attenta ai bisogni reali delle persone, soprattutto di chi attraversa momenti di fragilit\u00e0\u201d, dichiara il Sindaco <strong>Federico Basile<\/strong>.<\/p>\n\n\n\n<p>\u201cAttraverso questi contributi vogliamo assicurare non solo un supporto economico immediato, ma anche costruire una rete di protezione sociale duratura per chi necessit\u00e0 di maggiore stabilit\u00e0 abitativa\u201d, sottolinea l\u2019Assessora alle Politiche Sociali <strong>Alessandra Calafiore<\/strong>.<\/p>\n","protected":false},"excerpt":{"rendered":"<p>Nell\u2019ambito del Progetto \u201cHOME \u2013 POC ME IV 3.1.F. Contrasto al disagio abitativo\u201d, da oggi sono state avviate le procedure di pagamento dei contributi destinati al canone di locazione relativi ai mesi di novembre e dicembre per i primi beneficiari individuati. Si precisa che l\u2019avvio delle procedure non comporta l\u2019accredito immediato delle somme, che verranno [&hellip;]<\/p>\n","protected":false},"author":2,"featured_media":33613,"comment_status":"open","ping_status":"open","sticky":false,"template":"","format":"standard","meta":{"ub_ctt_via":"","_mi_skip_tracking":false},"categories":[5],"tags":[12066,797,9555],"featured_image_src":"https:\/\/www.messinaoggi.it\/website\/wp-content\/uploads\/2019\/06\/8D23C2E4-DE30-44F1-B1FE-05C48E9F7F14.jpeg","author_info":{"display_name":"Redazione","author_link":"https:\/\/www.messinaoggi.it\/website\/author\/redazione\/"},"digistream_id":0,"digistream":false,"_links":{"self":[{"href":"https:\/\/www.messinaoggi.it\/website\/wp-json\/wp\/v2\/posts\/256521"}],"collection":[{"href":"https:\/\/www.messinaoggi.it\/website\/wp-json\/wp\/v2\/posts"}],"about":[{"href":"https:\/\/www.messinaoggi.it\/website\/wp-json\/wp\/v2\/types\/post"}],"author":[{"embeddable":true,"href":"https:\/\/www.messinaoggi.it\/website\/wp-json\/wp\/v2\/users\/2"}],"replies":[{"embeddable":true,"href":"https:\/\/www.messinaoggi.it\/website\/wp-json\/wp\/v2\/comments?post=256521"}],"version-history":[{"count":1,"href":"https:\/\/www.messinaoggi.it\/website\/wp-json\/wp\/v2\/posts\/256521\/revisions"}],"predecessor-version":[{"id":256522,"href":"https:\/\/www.messinaoggi.it\/website\/wp-json\/wp\/v2\/posts\/256521\/revisions\/256522"}],"wp:featuredmedia":[{"embeddable":true,"href":"https:\/\/www.messinaoggi.it\/website\/wp-json\/wp\/v2\/media\/33613"}],"wp:attachment":[{"href":"https:\/\/www.messinaoggi.it\/website\/wp-json\/wp\/v2\/media?parent=256521"}],"wp:term":[{"taxonomy":"category","embeddable":true,"href":"https:\/\/www.messinaoggi.it\/website\/wp-json\/wp\/v2\/categories?post=256521"},{"taxonomy":"post_tag","embeddable":true,"href":"https:\/\/www.messinaoggi.it\/website\/wp-json\/wp\/v2\/tags?post=256521"}],"curies":[{"name":"wp","href":"https:\/\/api.w.org\/{rel}","templated":true}]}}