{"id":256470,"date":"2025-12-10T00:06:43","date_gmt":"2025-12-09T23:06:43","guid":{"rendered":"https:\/\/www.messinaoggi.it\/website\/2025\/12\/09\/nordio-fiducia-nel-trilogo-ue-per-la-gestione-dei-flussi-migratori\/"},"modified":"2025-12-10T09:07:38","modified_gmt":"2025-12-10T08:07:38","slug":"nordio-fiducia-nel-trilogo-ue-per-la-gestione-dei-flussi-migratori","status":"publish","type":"post","link":"https:\/\/www.messinaoggi.it\/website\/2025\/12\/10\/nordio-fiducia-nel-trilogo-ue-per-la-gestione-dei-flussi-migratori\/","title":{"rendered":"Nordio \u201cFiducia nel trilogo Ue per la gestione dei flussi migratori\u201d"},"content":{"rendered":"<div>BRUXELLES (BELGIO) (ITALPRESS) &#8211; &#8220;La situazione \u00e8 ancora soggetta alla decisione finale del trilogo Ue, ma \u00e8 un eccellente punto di partenza che porter\u00e0 chiarezza dal punto di vista legislativo e operativo&#8221;. Cos\u00ec il ministro della Giustizia, Carlo Nordio, a margine del Consiglio Giustizia rispondendo a una domanda in merito alla gestione dei flussi migratori da Bruxelles.<br \/>Il consiglio ha dibattuto su vari temi, tra di essi proprio la gestione dei flussi migratori e il patto sull&#8217;immigrazione e l&#8217;asilo, che ha visto i ventisette ministri degli Stati membri raggiungere un punto di accordo su: rimpatri; la lista dei paesi terzi sicuri; e la definizione di &#8220;Paese terzo sicuro&#8221;.<br \/>&#8220;Siamo soddisfatti e siamo certi che entro pochissimo tempo questa confusione che c&#8217;\u00e8 stata fino ad oggi nella giurisprudenza e nella gestione di questi flussi migratori sar\u00e0 definitivamente eliminata anche in ambito normativo. Di conseguenza non ci sar\u00e0 pi\u00f9 spazio per esitazioni giurisprudenziali&#8221;, ha aggiunto Nordio.<br \/>Inoltre, la questione Ucraina rimane tuttora ai tavoli di discussione. In merito, il ministro ha ribadito la sua posizione a favore di Kiev: &#8220;Abbiamo sottolineato il nostro sostegno contro l&#8217;aggressione russa e la creazione di un Tribunale speciale in Ucraina&#8221;. <br \/>(ITALPRESS).<br \/>-Foto: Ipa Agency-<\/div>\n<div id=\"div-gpt-ad-Messinaoggi.it-DSK-300x250-corpoart\" style=\"text-align:center;margin:0 auto;\"><\/div><\/p><div id=\"videoincontent\" style=\"clear:both\";><\/div>","protected":false},"excerpt":{"rendered":"<p>BRUXELLES (BELGIO) (ITALPRESS) &#8211; &#8220;La situazione \u00e8 ancora soggetta alla decisione finale del trilogo Ue, ma \u00e8 un eccellente punto di partenza che porter\u00e0 chiarezza dal punto di vista legislativo e operativo&#8221;. Cos\u00ec il ministro della Giustizia, Carlo Nordio, a margine del Consiglio Giustizia rispondendo a una domanda in merito alla gestione dei flussi migratori [&hellip;]<\/p>\n","protected":false},"author":18,"featured_media":256471,"comment_status":"closed","ping_status":"closed","sticky":false,"template":"","format":"standard","meta":{"ub_ctt_via":"","_mi_skip_tracking":false},"categories":[446,4],"tags":[783],"featured_image_src":"https:\/\/www.messinaoggi.it\/website\/wp-content\/uploads\/2025\/12\/20251209_4554.jpg","author_info":{"display_name":"Admin","author_link":"https:\/\/www.messinaoggi.it\/website\/author\/admin\/"},"digistream_id":0,"digistream":false,"_links":{"self":[{"href":"https:\/\/www.messinaoggi.it\/website\/wp-json\/wp\/v2\/posts\/256470"}],"collection":[{"href":"https:\/\/www.messinaoggi.it\/website\/wp-json\/wp\/v2\/posts"}],"about":[{"href":"https:\/\/www.messinaoggi.it\/website\/wp-json\/wp\/v2\/types\/post"}],"author":[{"embeddable":true,"href":"https:\/\/www.messinaoggi.it\/website\/wp-json\/wp\/v2\/users\/18"}],"replies":[{"embeddable":true,"href":"https:\/\/www.messinaoggi.it\/website\/wp-json\/wp\/v2\/comments?post=256470"}],"version-history":[{"count":1,"href":"https:\/\/www.messinaoggi.it\/website\/wp-json\/wp\/v2\/posts\/256470\/revisions"}],"predecessor-version":[{"id":256485,"href":"https:\/\/www.messinaoggi.it\/website\/wp-json\/wp\/v2\/posts\/256470\/revisions\/256485"}],"wp:featuredmedia":[{"embeddable":true,"href":"https:\/\/www.messinaoggi.it\/website\/wp-json\/wp\/v2\/media\/256471"}],"wp:attachment":[{"href":"https:\/\/www.messinaoggi.it\/website\/wp-json\/wp\/v2\/media?parent=256470"}],"wp:term":[{"taxonomy":"category","embeddable":true,"href":"https:\/\/www.messinaoggi.it\/website\/wp-json\/wp\/v2\/categories?post=256470"},{"taxonomy":"post_tag","embeddable":true,"href":"https:\/\/www.messinaoggi.it\/website\/wp-json\/wp\/v2\/tags?post=256470"}],"curies":[{"name":"wp","href":"https:\/\/api.w.org\/{rel}","templated":true}]}}