{"id":256442,"date":"2025-12-09T15:06:44","date_gmt":"2025-12-09T14:06:44","guid":{"rendered":"https:\/\/www.messinaoggi.it\/website\/2025\/12\/09\/ferrero-rocher-illumina-il-natale-di-milano-piramide-dorata-a-piazza-san-carlo\/"},"modified":"2025-12-09T15:06:44","modified_gmt":"2025-12-09T14:06:44","slug":"ferrero-rocher-illumina-il-natale-di-milano-piramide-dorata-a-piazza-san-carlo","status":"publish","type":"post","link":"https:\/\/www.messinaoggi.it\/website\/2025\/12\/09\/ferrero-rocher-illumina-il-natale-di-milano-piramide-dorata-a-piazza-san-carlo\/","title":{"rendered":"Ferrero Rocher illumina il Natale di Milano, piramide dorata a Piazza San Carlo"},"content":{"rendered":"<div>MILANO (ITALPRESS) &#8211; Ferrero Rocher illumina quest&#8217;anno Piazza San Carlo, a Milano, con un&#8217;installazione che celebra l&#8217;iconica piramide dorata simbolo di Ferrero Rocher e sinonimo di festa ed eleganza. Quello di Ferrero Rocher, infatti, \u00e8 molto pi\u00f9 di un albero di Natale, in quanto espressione di una delle forme pi\u00f9 simboliche che ci accompagnano nel periodo natalizio, la Piramide Ferrero Rocher. Una struttura su base dorata alta 6 metri, addobbata con migliaia di sfere dorate e avvolta da un nastro luminoso firmato Ferrero Rocher accoglier\u00e0 il pubblico fino al 4 gennaio. In aggiunta, Ferrero Rocher ha contribuito alla realizzazione delle luminarie in Viale Mario Rapisardi.<br \/>Cittadini, passanti e turisti potranno anche partecipare alle iniziative pensate da Ferrero Rocher per rendere davvero speciale il &#8220;Natale degli Alberi&#8221;, il progetto patrocinato dal Comune di Milano. L&#8217;installazione sar\u00e0 arricchita dalla presenza quotidiana di un calligrafo professionista che personalizzer\u00e0 8000 palline dorate, con un nome o un messaggio di auguri, trasformandole in un omaggio esclusivo per decorare il proprio albero o creare un piccolo dono per s\u00e8 o per i propri cari.<br \/>Le persone potranno inoltre affidare i loro messaggi anche al classico Libro degli Auguri di Ferrero Rocher affinch\u00e8 ognuno possa dedicare un pensiero a chiunque desideri.<br \/>La cerimonia di accensione dell&#8217;albero ha visto anche la presenza di un coro gospel di 16 elementi, che ha accompagnato l&#8217;inaugurazione per il giorno dell&#8217;Immacolata con canti classici natalizi. Il coro si esibir\u00e0 anche il 13 dicembre dalle 15 alle 15:30 e il 20 e il 24 dicembre dalle 18 alle 18:30.<br \/>&#8220;Siamo molto orgogliosi di avere l&#8217;opportunit\u00e0 di avere qui in piazza San Carlo a Milano il nostro albero Ferrero Rocher, alto 6 metri. Ferrero Rocher \u00e8 il primo cioccolatino venduto nel mondo, per cui siamo orgogliosi di farlo vedere nell&#8217;ambito delle vacanze natalizie qui a Milano&#8221;, ha commentato il presidente e amministratore delegato di Ferrero Commerciale Italia, Fabrizio Gavelli, che ha accolto i numerosi partecipanti insieme all&#8217;Assessora al Decentramento, Quartieri e Partecipazione, Servizi Civici e Generali Gaia Romani. Sono stati proprio loro i primi due a firmare il libro degli auguri di Ferrero Rocher, prima dell&#8217;accensione della Piramide. &#8220;Siamo molto onorati e grati a Ferrero Rocher che ha deciso di aderire al nostro bando &#8220;Natale degli Alberi&#8221;, un&#8217;iniziativa per rendere la magia del Natale davvero diffusa e partecipata da tutti i milanesi &#8211; ha detto Romani -. E&#8217; importante che nel cuore della citt\u00e0, che rappresenta la collaborazione pubblico-privato, l&#8217;Amministrazione e le realt\u00e0 come Ferrero, collaborino per portare la luce e la bellezza a tutte le persone&#8221;.<div id=\"div-gpt-ad-Messinaoggi.it-DSK-300x250-corpoart\" style=\"text-align:center;margin:0 auto;\"><\/div><\/p>\n<p>&#8211; news in collaborazione con Ferrero &#8211;<br \/>&#8211; foto ufficio stampa Ferrero Italia &#8211;<br \/>(ITALPRESS).<\/div>\n<div id=\"videoincontent\" style=\"clear:both\";><\/div>","protected":false},"excerpt":{"rendered":"<p>MILANO (ITALPRESS) &#8211; Ferrero Rocher illumina quest&#8217;anno Piazza San Carlo, a Milano, con un&#8217;installazione che celebra l&#8217;iconica piramide dorata simbolo di Ferrero Rocher e sinonimo di festa ed eleganza. Quello di Ferrero Rocher, infatti, \u00e8 molto pi\u00f9 di un albero di Natale, in quanto espressione di una delle forme pi\u00f9 simboliche che ci accompagnano nel [&hellip;]<\/p>\n","protected":false},"author":18,"featured_media":256443,"comment_status":"closed","ping_status":"closed","sticky":false,"template":"","format":"standard","meta":{"ub_ctt_via":"","_mi_skip_tracking":false},"categories":[446],"tags":[783],"featured_image_src":"https:\/\/www.messinaoggi.it\/website\/wp-content\/uploads\/2025\/12\/20251209_2580.jpg","author_info":{"display_name":"Admin","author_link":"https:\/\/www.messinaoggi.it\/website\/author\/admin\/"},"digistream_id":0,"digistream":false,"_links":{"self":[{"href":"https:\/\/www.messinaoggi.it\/website\/wp-json\/wp\/v2\/posts\/256442"}],"collection":[{"href":"https:\/\/www.messinaoggi.it\/website\/wp-json\/wp\/v2\/posts"}],"about":[{"href":"https:\/\/www.messinaoggi.it\/website\/wp-json\/wp\/v2\/types\/post"}],"author":[{"embeddable":true,"href":"https:\/\/www.messinaoggi.it\/website\/wp-json\/wp\/v2\/users\/18"}],"replies":[{"embeddable":true,"href":"https:\/\/www.messinaoggi.it\/website\/wp-json\/wp\/v2\/comments?post=256442"}],"version-history":[{"count":0,"href":"https:\/\/www.messinaoggi.it\/website\/wp-json\/wp\/v2\/posts\/256442\/revisions"}],"wp:featuredmedia":[{"embeddable":true,"href":"https:\/\/www.messinaoggi.it\/website\/wp-json\/wp\/v2\/media\/256443"}],"wp:attachment":[{"href":"https:\/\/www.messinaoggi.it\/website\/wp-json\/wp\/v2\/media?parent=256442"}],"wp:term":[{"taxonomy":"category","embeddable":true,"href":"https:\/\/www.messinaoggi.it\/website\/wp-json\/wp\/v2\/categories?post=256442"},{"taxonomy":"post_tag","embeddable":true,"href":"https:\/\/www.messinaoggi.it\/website\/wp-json\/wp\/v2\/tags?post=256442"}],"curies":[{"name":"wp","href":"https:\/\/api.w.org\/{rel}","templated":true}]}}