{"id":256380,"date":"2025-12-08T10:07:48","date_gmt":"2025-12-08T09:07:48","guid":{"rendered":"http:\/\/www.messinaoggi.it\/website\/?p=256380"},"modified":"2025-12-08T10:07:54","modified_gmt":"2025-12-08T09:07:54","slug":"lincontinenza-verbale-di-cateno","status":"publish","type":"post","link":"https:\/\/www.messinaoggi.it\/website\/2025\/12\/08\/lincontinenza-verbale-di-cateno\/","title":{"rendered":"L&#8217;incontinenza verbale di Cateno&#8230;"},"content":{"rendered":"\n<p>La pezza \u00e8 peggio del buco. Cateno De Luca ha tentato di porre rimedio alla sua infelice uscita contro l\u2019ex consigliera comunale di Giardini Naxos, Alessia Barbagallo, ma si \u00e8 trattato solo di un boomerang. Pur riconoscendo il suo problema legato ad una pericolosa \u201cincontinenza verbale\u201d, non ha ritenuto opportuno porgere le sue scuse per una frase machista rivolta all\u2019indirizzo della professionista accusato di avere un \u201cprotettore\u201d, individuato nell\u2019on. Pino Galluzzo. Una frase sconcia che ha suscitato una diffusa indignazione, sfociata in un profluvio di comunicati stampa di solidariet\u00e0 alla dottoressa di Giardini Naxos, la cui unica colpa \u00e8 stata quella di avere condiviso un post Fb del capogruppo di FdI all\u2019Ars, riguardo la vicenda dell\u2019emendamento alla Finanziaria regionale sui \u201cParchi archeologici\u201d. Una polemica innescata dallo stesso De Luca che ha avuto la fregola, dopo l\u2019approvazione in Commissione Bilancio, di mettere il cappello ad un emendamento che in realt\u00e0 \u00e8 stato voluto, scritto e votato da FdI.<div id=\"div-gpt-ad-Messinaoggi.it-DSK-300x250-corpoart\" style=\"text-align:center;margin:0 auto;\"><\/div><\/p>\n\n\n\n<p>Una polemica sfociata nella sfida lanciata dal leader di Sud chiama Nord in un incontro tenutosi a Giardi Naxos, al quale aveva invitato lo stesso Assenza e i deputati messinesi Galluzzo e Amata. Invito, non raccolto e quindi il confronto si \u00e8 trasformato nel solito soliloquio sfociato nell\u2019ormai nota \u201cincontinenza verbale\u201d di Cateno.<div id=\"videoincontent\" style=\"clear:both\";><\/div><\/p>\n\n\n\n<p>Le parole pesanti ha scatenato la reazione delle stessa Barbagallo che ha replicato su FB alle accuse di \u201ccarrierismo\u201d e \u201cprotettorato\u201d.<\/p>\n\n\n\n<p>Siamo alle solite, anche perch\u00e9 Cateno De Luca non \u00e8 nuovo ad attacchi sessisti scagliati all\u2019indirizzo di avversari politici: l\u2019ha fatto con l\u2019ex ministro Lamorgese, sfanculata in pieno Covid; poi \u00e8 stata la volta di Matilde Siracusano; quindi di Dafne Musolino e adesso \u00e8 toccato alla Barbagallo. Ma non sar\u00e0 certamente l\u2019ultima\u2026<\/p>\n\n\n\n<p><strong>Da.Ga.<\/strong><\/p>\n","protected":false},"excerpt":{"rendered":"<p>La pezza \u00e8 peggio del buco. Cateno De Luca ha tentato di porre rimedio alla sua infelice uscita contro l\u2019ex consigliera comunale di Giardini Naxos, Alessia Barbagallo, ma si \u00e8 trattato solo di un boomerang. Pur riconoscendo il suo problema legato ad una pericolosa \u201cincontinenza verbale\u201d, non ha ritenuto opportuno porgere le sue scuse per [&hellip;]<\/p>\n","protected":false},"author":2,"featured_media":254255,"comment_status":"open","ping_status":"open","sticky":false,"template":"","format":"standard","meta":{"ub_ctt_via":"","_mi_skip_tracking":false},"categories":[19],"tags":[12031,126,655,71,11992,851],"featured_image_src":"https:\/\/www.messinaoggi.it\/website\/wp-content\/uploads\/2025\/11\/578642875_1388735489276433_2128068970216438881_n.jpg","author_info":{"display_name":"Redazione","author_link":"https:\/\/www.messinaoggi.it\/website\/author\/redazione\/"},"digistream_id":0,"digistream":false,"_links":{"self":[{"href":"https:\/\/www.messinaoggi.it\/website\/wp-json\/wp\/v2\/posts\/256380"}],"collection":[{"href":"https:\/\/www.messinaoggi.it\/website\/wp-json\/wp\/v2\/posts"}],"about":[{"href":"https:\/\/www.messinaoggi.it\/website\/wp-json\/wp\/v2\/types\/post"}],"author":[{"embeddable":true,"href":"https:\/\/www.messinaoggi.it\/website\/wp-json\/wp\/v2\/users\/2"}],"replies":[{"embeddable":true,"href":"https:\/\/www.messinaoggi.it\/website\/wp-json\/wp\/v2\/comments?post=256380"}],"version-history":[{"count":1,"href":"https:\/\/www.messinaoggi.it\/website\/wp-json\/wp\/v2\/posts\/256380\/revisions"}],"predecessor-version":[{"id":256381,"href":"https:\/\/www.messinaoggi.it\/website\/wp-json\/wp\/v2\/posts\/256380\/revisions\/256381"}],"wp:featuredmedia":[{"embeddable":true,"href":"https:\/\/www.messinaoggi.it\/website\/wp-json\/wp\/v2\/media\/254255"}],"wp:attachment":[{"href":"https:\/\/www.messinaoggi.it\/website\/wp-json\/wp\/v2\/media?parent=256380"}],"wp:term":[{"taxonomy":"category","embeddable":true,"href":"https:\/\/www.messinaoggi.it\/website\/wp-json\/wp\/v2\/categories?post=256380"},{"taxonomy":"post_tag","embeddable":true,"href":"https:\/\/www.messinaoggi.it\/website\/wp-json\/wp\/v2\/tags?post=256380"}],"curies":[{"name":"wp","href":"https:\/\/api.w.org\/{rel}","templated":true}]}}