{"id":256315,"date":"2025-12-06T17:06:44","date_gmt":"2025-12-06T16:06:44","guid":{"rendered":"https:\/\/www.messinaoggi.it\/website\/2025\/12\/06\/gasperini-si-fida-della-sua-roma-la-nostra-forza-e-il-gruppo\/"},"modified":"2025-12-06T17:06:44","modified_gmt":"2025-12-06T16:06:44","slug":"gasperini-si-fida-della-sua-roma-la-nostra-forza-e-il-gruppo","status":"publish","type":"post","link":"https:\/\/www.messinaoggi.it\/website\/2025\/12\/06\/gasperini-si-fida-della-sua-roma-la-nostra-forza-e-il-gruppo\/","title":{"rendered":"Gasperini si fida della sua Roma \u201cLa nostra forza \u00e8 il gruppo\u201d"},"content":{"rendered":"<div>ROMA (ITALPRESS) &#8211; <strong><em>&#8220;La forza della Roma \u00e8 questo gruppo di giocatori con una mentalit\u00e0 straordinaria&#8221;<\/em><\/strong>. Lo ha detto il tecnico giallorosso, <strong>Gian Piero Gasperini in conferenza stampa in vista del match contro il Cagliari,<\/strong> in programma domani alle 15 all&#8217;Unipol Domus.<div id=\"div-gpt-ad-Messinaoggi.it-DSK-300x250-corpoart\" style=\"text-align:center;margin:0 auto;\"><\/div><\/p>\n<p>L&#8217;infermeria \u00e8 uno dei temi caldi della vigilia: <em>&#8220;Non \u00e8 stata una settimana semplice. C&#8217;\u00e8 qualche acciacco per<strong> Kone ed El Aynaoui. Anche per Wesley, che non credo rischieremo. Poi ci sono state le influenze di Baldanzi e Dybala.<\/strong> Cercher\u00f2 di portare tutti, poi faremo le valutazioni su chi far giocare&#8221;<\/em>. La buona notizia riguarda il ritorno in gruppo ieri di <strong>Angelino,<\/strong> out negli ultimi due mesi: &#8220;<em>Non \u00e8 stato un problema muscolare o articolare, gli esami sono a posto ed \u00e8 tornato con la squadra. Nelle ultime settimane si \u00e8 allenato individualmente abbastanza bene. Quando i medici daranno il placet, lo utilizzeremo&#8221;.<\/em><div id=\"videoincontent\" style=\"clear:both\";><\/div><\/p>\n<p>C&#8217;\u00e8 spazio anche per un commento sulla rosa: <em>&#8220;Se basta per tre competizioni? Numericamente \u00e8 sufficiente. Al momento ci sono solo acciacchi di qualche giorno, l&#8217;unico infortunato \u00e8 Dovbyk, che \u00e8 sulla via della guarigione. La rosa \u00e8 completa, i calciatori che hanno giocato meno stanno dando ottime risposte&#8221;,<\/em> ha aggiunto. Gasperini spende belle parole per il suo gruppo: <em>&#8220;Mi fido di tutti i giocatori. A partire da Svilar e gli altri portieri. Idem la difesa: <strong>Mancini, Ndicka ed Hermoso sono leader. Ziolkowski e Ghilardi<\/strong> sono due giovani che non hanno saltato un minuto di allenamento e per loro \u00e8 stato faticoso all&#8217;inizio. Vale anche per i centrocampisti e gli esterni: Rensch c&#8217;\u00e8 sempre, stesso discorso per Tsimikas con le sue difficolt\u00e0. Pellegrini \u00e8 straordinario, cos\u00ec come Soul\u00e8&#8221;<\/em>, ha aggiunto.<\/p>\n<p>Infine su <strong>Pisilli<\/strong>: <em>&#8220;E&#8217; un ragazzo straordinario e un giocatore forte che meriterebbe di giocare di pi\u00f9. Io non voglio fermarlo, se c&#8217;\u00e8 la possibilit\u00e0 di giocare nella Roma sarebbe la cosa migliore. E&#8217; normale che lui ambisca a giocare di pi\u00f9, ma sta avendo grande professionalit\u00e0 ed \u00e8 sempre pronto&#8221;,<\/em> ha spiegato Gasperini.<br \/>\n&#8211; foto Ipa Agency &#8211;<br \/>\n(ITALPRESS).<\/div>\n","protected":false},"excerpt":{"rendered":"<p>ROMA (ITALPRESS) &#8211; &#8220;La forza della Roma \u00e8 questo gruppo di giocatori con una mentalit\u00e0 straordinaria&#8221;. Lo ha detto il tecnico giallorosso, Gian Piero Gasperini in conferenza stampa in vista del match contro il Cagliari, in programma domani alle 15 all&#8217;Unipol Domus. L&#8217;infermeria \u00e8 uno dei temi caldi della vigilia: &#8220;Non \u00e8 stata una settimana [&hellip;]<\/p>\n","protected":false},"author":18,"featured_media":256316,"comment_status":"closed","ping_status":"closed","sticky":false,"template":"","format":"standard","meta":{"ub_ctt_via":"","_mi_skip_tracking":false},"categories":[446],"tags":[783],"featured_image_src":"https:\/\/www.messinaoggi.it\/website\/wp-content\/uploads\/2025\/12\/20251206_0801.jpg","author_info":{"display_name":"Admin","author_link":"https:\/\/www.messinaoggi.it\/website\/author\/admin\/"},"digistream_id":0,"digistream":false,"_links":{"self":[{"href":"https:\/\/www.messinaoggi.it\/website\/wp-json\/wp\/v2\/posts\/256315"}],"collection":[{"href":"https:\/\/www.messinaoggi.it\/website\/wp-json\/wp\/v2\/posts"}],"about":[{"href":"https:\/\/www.messinaoggi.it\/website\/wp-json\/wp\/v2\/types\/post"}],"author":[{"embeddable":true,"href":"https:\/\/www.messinaoggi.it\/website\/wp-json\/wp\/v2\/users\/18"}],"replies":[{"embeddable":true,"href":"https:\/\/www.messinaoggi.it\/website\/wp-json\/wp\/v2\/comments?post=256315"}],"version-history":[{"count":0,"href":"https:\/\/www.messinaoggi.it\/website\/wp-json\/wp\/v2\/posts\/256315\/revisions"}],"wp:featuredmedia":[{"embeddable":true,"href":"https:\/\/www.messinaoggi.it\/website\/wp-json\/wp\/v2\/media\/256316"}],"wp:attachment":[{"href":"https:\/\/www.messinaoggi.it\/website\/wp-json\/wp\/v2\/media?parent=256315"}],"wp:term":[{"taxonomy":"category","embeddable":true,"href":"https:\/\/www.messinaoggi.it\/website\/wp-json\/wp\/v2\/categories?post=256315"},{"taxonomy":"post_tag","embeddable":true,"href":"https:\/\/www.messinaoggi.it\/website\/wp-json\/wp\/v2\/tags?post=256315"}],"curies":[{"name":"wp","href":"https:\/\/api.w.org\/{rel}","templated":true}]}}