{"id":25629,"date":"2018-10-17T15:02:21","date_gmt":"2018-10-17T13:02:21","guid":{"rendered":"http:\/\/www.messinaoggi.it\/website\/?p=25629"},"modified":"2018-10-17T15:02:21","modified_gmt":"2018-10-17T13:02:21","slug":"de-luca-rinvia-le-dimissioni-da-deputato-e-continua-a-papparsi-lindennita-senza-mai-andare-a-palermo","status":"publish","type":"post","link":"https:\/\/www.messinaoggi.it\/website\/2018\/10\/17\/de-luca-rinvia-le-dimissioni-da-deputato-e-continua-a-papparsi-lindennita-senza-mai-andare-a-palermo\/","title":{"rendered":"De Luca rinvia le dimissioni da deputato e continua a &quot;papparsi&quot; l&#039;indennit\u00e0 senza mai andare a Palermo"},"content":{"rendered":"<p style=\"text-align: justify;\">Cateno De Luca ormai ha abituato i messinesi a non mantenere le sue promesse. Dietrofront, quindi, dal momento che il sindaco continuer\u00e0 a mantenere la carica di deputato regionale avendo congelato le sue dimissioni. Su espressa richiesta del primo dei non eletti, Danilo Lo Giudice, attuale primo cittadino di Santa Teresa di Riva.<div id=\"div-gpt-ad-Messinaoggi.it-DSK-300x250-corpoart\" style=\"text-align:center;margin:0 auto;\"><\/div><\/p>\n<p style=\"text-align: justify;\">Sarebbe stato lui stesso ad esortare De Luca a rinviare le sue dimissioni poich\u00e9 \u00e8 diventato recentemente padre. Il colloquio \u00e8 stato riportato da De Luca sulla sua pagina Fb in un post nel quale ha annunciato che non avrebbe mantenuto un\u2019altra promessa. I commenti non sono stati per nulla benevoli, la bacheca \u00e8 stata inondata di proteste.<div id=\"videoincontent\" style=\"clear:both\";><\/div><\/p>\n<p style=\"text-align: justify;\">Lo Giudice non potrebbe fare il deputato regionale per impegni familiari, come se De Luca lo stesse facendo. Da quando \u00e8 stato eletto sindaco di Messina non ha mai partecipato ad alcuna seduta d\u2019aula n\u00e9 alle Commissioni.<\/p>\n<p style=\"text-align: justify;\">Per\u00f2 sta rinunciando all\u2019indennit\u00e0 da sindaco \u2013 non si tratta di una scelta volontaria, ma lo vieta la legge \u2013 si affretta a dire Cateno De Luca. E\u2019 vero, ma per ragioni che non stiamo qui a sindacare, il sindaco ha optato per gli emolumenti da deputato che sono pi\u00f9 sostanziosi.<\/p>\n<p style=\"text-align: justify;\">E quando si parla di \u201cgrana\u201d De Luca dimentica il moralismo.<\/p>\n","protected":false},"excerpt":{"rendered":"<p>Cateno De Luca ormai ha abituato i messinesi a non mantenere le sue promesse. Dietrofront, quindi, dal momento che il sindaco continuer\u00e0 a mantenere la carica di deputato regionale avendo congelato le sue dimissioni. Su espressa richiesta del primo dei non eletti, Danilo Lo Giudice, attuale primo cittadino di Santa Teresa di Riva. Sarebbe stato [&hellip;]<\/p>\n","protected":false},"author":2,"featured_media":23053,"comment_status":"closed","ping_status":"open","sticky":false,"template":"","format":"standard","meta":{"ub_ctt_via":"","_mi_skip_tracking":false},"categories":[19],"tags":[],"featured_image_src":"https:\/\/www.messinaoggi.it\/website\/wp-content\/uploads\/2018\/08\/CatenoDeLuca-1.jpg","author_info":{"display_name":"Redazione","author_link":"https:\/\/www.messinaoggi.it\/website\/author\/redazione\/"},"digistream_id":0,"digistream":false,"_links":{"self":[{"href":"https:\/\/www.messinaoggi.it\/website\/wp-json\/wp\/v2\/posts\/25629"}],"collection":[{"href":"https:\/\/www.messinaoggi.it\/website\/wp-json\/wp\/v2\/posts"}],"about":[{"href":"https:\/\/www.messinaoggi.it\/website\/wp-json\/wp\/v2\/types\/post"}],"author":[{"embeddable":true,"href":"https:\/\/www.messinaoggi.it\/website\/wp-json\/wp\/v2\/users\/2"}],"replies":[{"embeddable":true,"href":"https:\/\/www.messinaoggi.it\/website\/wp-json\/wp\/v2\/comments?post=25629"}],"version-history":[{"count":0,"href":"https:\/\/www.messinaoggi.it\/website\/wp-json\/wp\/v2\/posts\/25629\/revisions"}],"wp:featuredmedia":[{"embeddable":true,"href":"https:\/\/www.messinaoggi.it\/website\/wp-json\/wp\/v2\/media\/23053"}],"wp:attachment":[{"href":"https:\/\/www.messinaoggi.it\/website\/wp-json\/wp\/v2\/media?parent=25629"}],"wp:term":[{"taxonomy":"category","embeddable":true,"href":"https:\/\/www.messinaoggi.it\/website\/wp-json\/wp\/v2\/categories?post=25629"},{"taxonomy":"post_tag","embeddable":true,"href":"https:\/\/www.messinaoggi.it\/website\/wp-json\/wp\/v2\/tags?post=25629"}],"curies":[{"name":"wp","href":"https:\/\/api.w.org\/{rel}","templated":true}]}}