{"id":256248,"date":"2025-12-05T17:42:45","date_gmt":"2025-12-05T16:42:45","guid":{"rendered":"http:\/\/www.messinaoggi.it\/website\/?p=256248"},"modified":"2025-12-05T17:42:57","modified_gmt":"2025-12-05T16:42:57","slug":"appello-di-scurria-al-civismo-cittadino-uniamoci","status":"publish","type":"post","link":"https:\/\/www.messinaoggi.it\/website\/2025\/12\/05\/appello-di-scurria-al-civismo-cittadino-uniamoci\/","title":{"rendered":"Appello di Scurria al civismo cittadino: &#8220;Uniamoci&#8221;"},"content":{"rendered":"\n<p>Politica cittadino in fermento, dopo che nelle scorse settimane il leader di &#8220;Sud chiama Nord&#8221; ha fatto intendere di voler staccare la spina all&#8217;amministrazione-Basile ed andare ad elezioni anticipate. <div id=\"div-gpt-ad-Messinaoggi.it-DSK-300x250-corpoart\" style=\"text-align:center;margin:0 auto;\"><\/div><\/p>\n\n\n\n<p>C&#8217;\u00e8 da registrare oggi l&#8217;uscita di Marcello Scurria, gi\u00e0 presidente di Arism\u00e9, leader del gruppo civico &#8220;Partecipazione&#8221;, il quale ha lanciato un appello ai cittadini, ai gruppi civici e partiti non polarizzati.<div id=\"videoincontent\" style=\"clear:both\";><\/div><\/p>\n\n\n\n<p>&#8220;Appello ai Cittadini, ai Comitati civici e alle realt\u00e0 sociali e politiche non schierate per la costruzione di un fronte civico comune per Messina<\/p>\n\n\n\n<p>Nella nostra citt\u00e0 assistiamo, con crescente preoccupazione, a episodi in cui singoli Cittadini che esprimono opinioni critiche o segnalano problematiche diventano oggetto di azioni legali da parte dell\u2019amministrazione comunale.<\/p>\n\n\n\n<p>Il caso di Sciacca, recentemente querelato dall\u2019amministrazione, rappresenta un esempio concreto di una situazione che rischia di creare un clima di intimidazione e di scoraggiare la partecipazione attiva dei Cittadini.<\/p>\n\n\n\n<p>La libert\u00e0 di parola, il diritto di critica e la possibilit\u00e0 di vigilare sul buon andamento della cosa pubblica sono pilastri fondamentali della democrazia. Quando un\u2019amministrazione sceglie la via della contrapposizione personale anzich\u00e9 del dialogo, l\u2019intera cittadinanza ne risulta indebolita.<\/p>\n\n\n\n<p>Negli ultimi anni Messina ha vissuto una fase di crescente distanza tra amministrazione e comunit\u00e0. Decisioni prese senza un adeguato confronto pubblico, mancanza di ascolto verso bisogni reali di quartieri, famiglie, giovani, lavoratori e imprese stanno alimentando un malcontento diffuso e un senso di rassegnazione.<\/p>\n\n\n\n<p>Oggi pi\u00f9 che mai \u00e8 necessario che la Citt\u00e0 ritrovi una voce unitaria, capace di andare oltre, mettendo al centro esclusivamente il bene comune, la trasparenza amministrativa e la partecipazione democratica.<\/p>\n\n\n\n<p>Per questo \u201c<strong>Rete civica Partecipazione<\/strong>\u201d rivolge un <strong>appello<\/strong> ai Cittadini, alle Associazioni, ai movimenti civici, ai comitati spontanei e a tutte le forze politiche non polarizzate, affinch\u00e9 si apra un percorso condiviso di confronto e collaborazione.<\/p>\n\n\n\n<p>Proponiamo un incontro, aperto e pluralista, per: ascoltare criticit\u00e0 e proposte della comunit\u00e0; definire un\u2019agenda comune di obiettivi concreti per Messina; costruire un fronte civico capace di rappresentare la Citt\u00e0 con autonomia, competenza e responsabilit\u00e0.<\/p>\n\n\n\n<p>L\u2019obiettivo non \u00e8 contrapporre qualcuno a qualcun altro, ma restituire ai Messinesi il diritto di essere protagonisti del proprio futuro e garantire che le decisioni pubbliche tornino a essere trasparenti, partecipate e realmente orientate al bene collettivo.<\/p>\n\n\n\n<p>Invitiamo tutti coloro che credono nella necessit\u00e0 di una Messina pi\u00f9 giusta, inclusiva e rispettosa dei diritti dei cittadini a unirsi a questo percorso.<\/p>\n\n\n\n<p>Uniti, possiamo costruire una voce comune. Insieme, possiamo dare a Messina l\u2019alternativa civica di cui ha bisogno.<\/p>\n","protected":false},"excerpt":{"rendered":"<p>Politica cittadino in fermento, dopo che nelle scorse settimane il leader di &#8220;Sud chiama Nord&#8221; ha fatto intendere di voler staccare la spina all&#8217;amministrazione-Basile ed andare ad elezioni anticipate. C&#8217;\u00e8 da registrare oggi l&#8217;uscita di Marcello Scurria, gi\u00e0 presidente di Arism\u00e9, leader del gruppo civico &#8220;Partecipazione&#8221;, il quale ha lanciato un appello ai cittadini, ai [&hellip;]<\/p>\n","protected":false},"author":2,"featured_media":256249,"comment_status":"open","ping_status":"open","sticky":false,"template":"","format":"standard","meta":{"ub_ctt_via":"","_mi_skip_tracking":false},"categories":[19],"tags":[7416,12026,3209,3375,12027],"featured_image_src":"https:\/\/www.messinaoggi.it\/website\/wp-content\/uploads\/2025\/12\/86283fe9-ebb7-4f10-b73e-4bdbd5598a64.jpg","author_info":{"display_name":"Redazione","author_link":"https:\/\/www.messinaoggi.it\/website\/author\/redazione\/"},"digistream_id":0,"digistream":false,"_links":{"self":[{"href":"https:\/\/www.messinaoggi.it\/website\/wp-json\/wp\/v2\/posts\/256248"}],"collection":[{"href":"https:\/\/www.messinaoggi.it\/website\/wp-json\/wp\/v2\/posts"}],"about":[{"href":"https:\/\/www.messinaoggi.it\/website\/wp-json\/wp\/v2\/types\/post"}],"author":[{"embeddable":true,"href":"https:\/\/www.messinaoggi.it\/website\/wp-json\/wp\/v2\/users\/2"}],"replies":[{"embeddable":true,"href":"https:\/\/www.messinaoggi.it\/website\/wp-json\/wp\/v2\/comments?post=256248"}],"version-history":[{"count":1,"href":"https:\/\/www.messinaoggi.it\/website\/wp-json\/wp\/v2\/posts\/256248\/revisions"}],"predecessor-version":[{"id":256250,"href":"https:\/\/www.messinaoggi.it\/website\/wp-json\/wp\/v2\/posts\/256248\/revisions\/256250"}],"wp:featuredmedia":[{"embeddable":true,"href":"https:\/\/www.messinaoggi.it\/website\/wp-json\/wp\/v2\/media\/256249"}],"wp:attachment":[{"href":"https:\/\/www.messinaoggi.it\/website\/wp-json\/wp\/v2\/media?parent=256248"}],"wp:term":[{"taxonomy":"category","embeddable":true,"href":"https:\/\/www.messinaoggi.it\/website\/wp-json\/wp\/v2\/categories?post=256248"},{"taxonomy":"post_tag","embeddable":true,"href":"https:\/\/www.messinaoggi.it\/website\/wp-json\/wp\/v2\/tags?post=256248"}],"curies":[{"name":"wp","href":"https:\/\/api.w.org\/{rel}","templated":true}]}}