{"id":256200,"date":"2025-12-05T12:13:09","date_gmt":"2025-12-05T11:13:09","guid":{"rendered":"http:\/\/www.messinaoggi.it\/website\/?p=256200"},"modified":"2025-12-05T12:13:29","modified_gmt":"2025-12-05T11:13:29","slug":"allarme-per-190-lavoratori-ex-gicap-a-rischio-licenziamento-cgil-silenzio-della-politica-serve-intervento-immediato","status":"publish","type":"post","link":"https:\/\/www.messinaoggi.it\/website\/2025\/12\/05\/allarme-per-190-lavoratori-ex-gicap-a-rischio-licenziamento-cgil-silenzio-della-politica-serve-intervento-immediato\/","title":{"rendered":"Allarme per 190 lavoratori ex-Gicap a rischio licenziamento, CGIL: \u201cSilenzio della politica, serve intervento immediato\u201d"},"content":{"rendered":"\n<p>Mattinata di mobilitazione ieri davanti alla Prefettura di Messina, dove lavoratrici e lavoratori ex-Gicap \u2013 oggi impiegati nella rete di supermercati ARD Discount \u2013 hanno manifestato insieme alla Filcams CGIL per chiedere una soluzione alla crisi che minaccia quasi 200 posti di lavoro.<div id=\"div-gpt-ad-Messinaoggi.it-DSK-300x250-corpoart\" style=\"text-align:center;margin:0 auto;\"><\/div><\/p>\n\n\n\n<p>A raccontare la situazione sono <strong>Damiano Di Giovanni<\/strong> e <strong>Giuseppe Ragno<\/strong> della Filcams CGIL Messina, che parlano di una vera emergenza sociale oltre che occupazionale.<div id=\"videoincontent\" style=\"clear:both\";><\/div><\/p>\n\n\n\n<p>\u00abLa crisi che investe la rete di supermercati ARD Discount \u2014 con 16 punti vendita e circa 190 posti di lavoro a rischio \u2014 \u00e8 una grave emergenza sociale oltre che economica\u00bb, scrivono i sindacalisti.<\/p>\n\n\n\n<p>Dopo l\u2019acquisto da parte di Ergon S.p.A. di 21 punti vendita ex-Gicap, i restanti 16 sono rimasti esclusi dalle procedure, con aste andate deserte e un destino ancora incerto. La conseguenza \u00e8 drammatica: a partire dal 1\u00b0 gennaio 2026, centinaia di famiglie rischiano concretamente di ritrovarsi senza reddito.<\/p>\n\n\n\n<p>Di Giovanni e Ragno spiegano che, nonostante l\u2019acquisizione dei 21 punti vendita, Ergon ha comunque avviato un nuovo licenziamento collettivo per quei lavoratori rimasti fuori, aggravando ulteriormente la situazione. <\/p>\n\n\n\n<p>\u00abAbbiamo chiesto a tutte le Istituzioni interventi immediati e tutti gli strumenti possibili per garantire continuit\u00e0 occupazionale\u00bb, sottolineano i due sindacalisti di Filcams.<\/p>\n\n\n\n<p>\u00abNon \u00e8 solo una vertenza: \u00e8 la difesa della dignit\u00e0 di chi ha lavorato per anni e oggi rischia l\u2019espulsione dal mondo del lavoro, poco prima di Natale\u00bb.<\/p>\n\n\n\n<figure class=\"wp-block-image size-large\"><img loading=\"lazy\" width=\"1024\" height=\"576\" src=\"http:\/\/www.messinaoggi.it\/website\/wp-content\/uploads\/2025\/12\/FB_IMG_1764932847332-1024x576.jpg\" alt=\"\" class=\"wp-image-256209\" srcset=\"https:\/\/www.messinaoggi.it\/website\/wp-content\/uploads\/2025\/12\/FB_IMG_1764932847332-1024x576.jpg 1024w, https:\/\/www.messinaoggi.it\/website\/wp-content\/uploads\/2025\/12\/FB_IMG_1764932847332-300x169.jpg 300w, https:\/\/www.messinaoggi.it\/website\/wp-content\/uploads\/2025\/12\/FB_IMG_1764932847332-768x432.jpg 768w, https:\/\/www.messinaoggi.it\/website\/wp-content\/uploads\/2025\/12\/FB_IMG_1764932847332-1536x864.jpg 1536w, https:\/\/www.messinaoggi.it\/website\/wp-content\/uploads\/2025\/12\/FB_IMG_1764932847332.jpg 2048w\" sizes=\"(max-width: 1024px) 100vw, 1024px\" \/><\/figure>\n\n\n\n<h2>Pietro Patti (CGIL): \u201cQuasi 200 lavoratori senza lavoro il 31 dicembre. Silenzio assordante della politica\u201d<\/h2>\n\n\n\n<p>A rilanciare l\u2019allarme \u00e8 anche il segretario generale della CGIL Messina, <strong>Pietro Patti<\/strong>, che denuncia l\u2019assenza di risposte da parte delle istituzioni.<\/p>\n\n\n\n<p>\u00abQuasi 200 lavoratori e lavoratrici il 31 dicembre perderanno il lavoro. Nel silenzio assoluto della politica e delle istituzioni cittadine, queste persone lottano con dignit\u00e0 e caparbiet\u00e0 per difendere il loro lavoro\u00bb, afferma Patti.<\/p>\n\n\n\n<p>Il 12 dicembre, intanto, \u00e8 previsto lo sciopero generale, durante il quale la CGIL porter\u00e0 la vertenza nuovamente al centro dell\u2019attenzione pubblica.<\/p>\n\n\n\n<figure class=\"wp-block-image size-large\"><img loading=\"lazy\" width=\"1024\" height=\"576\" src=\"http:\/\/www.messinaoggi.it\/website\/wp-content\/uploads\/2025\/12\/FB_IMG_1764932855200-1024x576.jpg\" alt=\"\" class=\"wp-image-256208\" srcset=\"https:\/\/www.messinaoggi.it\/website\/wp-content\/uploads\/2025\/12\/FB_IMG_1764932855200-1024x576.jpg 1024w, https:\/\/www.messinaoggi.it\/website\/wp-content\/uploads\/2025\/12\/FB_IMG_1764932855200-300x169.jpg 300w, https:\/\/www.messinaoggi.it\/website\/wp-content\/uploads\/2025\/12\/FB_IMG_1764932855200-768x432.jpg 768w, https:\/\/www.messinaoggi.it\/website\/wp-content\/uploads\/2025\/12\/FB_IMG_1764932855200-1536x864.jpg 1536w, https:\/\/www.messinaoggi.it\/website\/wp-content\/uploads\/2025\/12\/FB_IMG_1764932855200.jpg 2048w\" sizes=\"(max-width: 1024px) 100vw, 1024px\" \/><\/figure>\n\n\n\n<h2>Le richieste dei lavoratori<\/h2>\n\n\n\n<p>I sindacati domandano:<\/p>\n\n\n\n<ul><li>l\u2019apertura immediata di un tavolo istituzionale permanente;<\/li><li>l\u2019intervento della Regione Siciliana per favorire la cessione dei punti vendita ancora esclusi;<\/li><li>l\u2019attivazione di strumenti di salvaguardia occupazionale;<\/li><li>una regia chiara da parte del Ministero del Lavoro.<\/li><\/ul>\n\n\n\n<p>Per Filcams e CGIL, senza un\u2019azione concreta e urgente, la perdita dei posti di lavoro rischia di essere solo il primo effetto di una crisi molto pi\u00f9 ampia.<\/p>\n\n\n\n<h2>Una vertenza simbolo<\/h2>\n\n\n\n<p>La questione ex-Gicap, iniziata anni fa, continua a rappresentare uno dei casi pi\u00f9 complessi del panorama economico siciliano: una catena storica in dissesto, passaggi societari difficili, aste deserte, punti vendita abbandonati e centinaia di lavoratori esposti all\u2019incertezza.<\/p>\n\n\n\n<p>Oggi, mentre la crisi si acuisce, i sindacati invocano un\u2019assunzione di responsabilit\u00e0 da parte di tutte le istituzioni, affinch\u00e9 nessuno resti indietro.<\/p>\n","protected":false},"excerpt":{"rendered":"<p>Mattinata di mobilitazione ieri davanti alla Prefettura di Messina, dove lavoratrici e lavoratori ex-Gicap \u2013 oggi impiegati nella rete di supermercati ARD Discount \u2013 hanno manifestato insieme alla Filcams CGIL per chiedere una soluzione alla crisi che minaccia quasi 200 posti di lavoro. A raccontare la situazione sono Damiano Di Giovanni e Giuseppe Ragno della [&hellip;]<\/p>\n","protected":false},"author":15,"featured_media":256210,"comment_status":"open","ping_status":"open","sticky":false,"template":"","format":"standard","meta":{"ub_ctt_via":"","_mi_skip_tracking":false},"categories":[4,6],"tags":[2002,12023,3201,3956,12024,587],"featured_image_src":"https:\/\/www.messinaoggi.it\/website\/wp-content\/uploads\/2025\/12\/FB_IMG_1764932843773.jpg","author_info":{"display_name":"red.me","author_link":"https:\/\/www.messinaoggi.it\/website\/author\/red-me\/"},"digistream_id":0,"digistream":false,"_links":{"self":[{"href":"https:\/\/www.messinaoggi.it\/website\/wp-json\/wp\/v2\/posts\/256200"}],"collection":[{"href":"https:\/\/www.messinaoggi.it\/website\/wp-json\/wp\/v2\/posts"}],"about":[{"href":"https:\/\/www.messinaoggi.it\/website\/wp-json\/wp\/v2\/types\/post"}],"author":[{"embeddable":true,"href":"https:\/\/www.messinaoggi.it\/website\/wp-json\/wp\/v2\/users\/15"}],"replies":[{"embeddable":true,"href":"https:\/\/www.messinaoggi.it\/website\/wp-json\/wp\/v2\/comments?post=256200"}],"version-history":[{"count":8,"href":"https:\/\/www.messinaoggi.it\/website\/wp-json\/wp\/v2\/posts\/256200\/revisions"}],"predecessor-version":[{"id":256211,"href":"https:\/\/www.messinaoggi.it\/website\/wp-json\/wp\/v2\/posts\/256200\/revisions\/256211"}],"wp:featuredmedia":[{"embeddable":true,"href":"https:\/\/www.messinaoggi.it\/website\/wp-json\/wp\/v2\/media\/256210"}],"wp:attachment":[{"href":"https:\/\/www.messinaoggi.it\/website\/wp-json\/wp\/v2\/media?parent=256200"}],"wp:term":[{"taxonomy":"category","embeddable":true,"href":"https:\/\/www.messinaoggi.it\/website\/wp-json\/wp\/v2\/categories?post=256200"},{"taxonomy":"post_tag","embeddable":true,"href":"https:\/\/www.messinaoggi.it\/website\/wp-json\/wp\/v2\/tags?post=256200"}],"curies":[{"name":"wp","href":"https:\/\/api.w.org\/{rel}","templated":true}]}}