{"id":256182,"date":"2025-12-05T09:52:13","date_gmt":"2025-12-05T08:52:13","guid":{"rendered":"http:\/\/www.messinaoggi.it\/website\/?p=256182"},"modified":"2025-12-05T09:52:14","modified_gmt":"2025-12-05T08:52:14","slug":"impianto-mili-germana-possibile-danno-erariale","status":"publish","type":"post","link":"https:\/\/www.messinaoggi.it\/website\/2025\/12\/05\/impianto-mili-germana-possibile-danno-erariale\/","title":{"rendered":"Impianto Mili, German\u00e0: &#8220;Possibile danno erariale&#8221;"},"content":{"rendered":"\n<p>Oggi \u00e8 andata a sentenza la causa al Tar di Palermo in cui \u00e8 stato impugnato il progetto di realizzazione di un nuovo impianto di trattamento dell\u2019umido nella frazione di Mili Marina a Messina. L\u2019esito del giudizio appare scontato, non potr\u00e0 che essere dichiarata l\u2019illegittimit\u00e0 dell\u2019iter e della localizzazione dell\u2019impianto oppure potranno essere accolte le eccezioni di inammissibilit\u00e0 del ricorso per difetto di legittimazione a ricorrere ovvero per tardivit\u00e0 da parte del Comitato. In entrambi i casi i lavori non potranno mai iniziare, anche perch\u00e9 ancora non sono state neanche avviate le procedure espropriative che riaprirebbero i termini per le impugnative. Risulta incomprensibile e irragionevole la scelta del sito di Mili Marina, dal momento che una precedente opzione localizzativa (Zona Sud Localit\u00e0 Larderia) era stata scartata per le medesime criticit\u00e0, quali \u2018l\u2019eccessiva vicinanza al centro abitato nonch\u00e9 la presenza di attivit\u00e0 non compatibili\u2019. Nonostante la pendenza del giudizio amministrativo, le formali diffide, le criticit\u00e0 sollevate dal C.T.S. e le denunce presentate, le Amministrazioni competenti hanno proceduto con l&#8217;iter di gara esponendosi ad un concreto e gravissimo rischio di danno erariale. A questo punto sento di dover richiamare il Sindaco di Messina Federico Basile, l\u2019Amam e la Srr, al senso di responsabilit\u00e0 che dovrebbe ispirare l\u2019azione di ogni amministrazione pubblica e chiedo di fermarsi, e alla Regione siciliana di destinare le risorse ad altra e pi\u00f9 adeguata localizzazione dell\u2019impianto per evitare di perdere preziose risorse. Come Lega ci opporremo strenuamente in tutte le forme consentite per impedire lo scempio che si verrebbe a determinare con la realizzazione dell\u2019impianto\u201d. Lo afferma il senatore Nino German\u00e0, segretario della Lega in Sicilia. <div id=\"div-gpt-ad-Messinaoggi.it-DSK-300x250-corpoart\" style=\"text-align:center;margin:0 auto;\"><\/div><\/p>\n<div id=\"videoincontent\" style=\"clear:both\";><\/div>","protected":false},"excerpt":{"rendered":"<p>Oggi \u00e8 andata a sentenza la causa al Tar di Palermo in cui \u00e8 stato impugnato il progetto di realizzazione di un nuovo impianto di trattamento dell\u2019umido nella frazione di Mili Marina a Messina. L\u2019esito del giudizio appare scontato, non potr\u00e0 che essere dichiarata l\u2019illegittimit\u00e0 dell\u2019iter e della localizzazione dell\u2019impianto oppure potranno essere accolte le [&hellip;]<\/p>\n","protected":false},"author":2,"featured_media":251393,"comment_status":"open","ping_status":"open","sticky":false,"template":"","format":"standard","meta":{"ub_ctt_via":"","_mi_skip_tracking":false},"categories":[6],"tags":[3875,12018,719,1082],"featured_image_src":"https:\/\/www.messinaoggi.it\/website\/wp-content\/uploads\/2025\/10\/21adf64d-0b8b-4c97-a36f-86208a6b56fe.jpg","author_info":{"display_name":"Redazione","author_link":"https:\/\/www.messinaoggi.it\/website\/author\/redazione\/"},"digistream_id":0,"digistream":false,"_links":{"self":[{"href":"https:\/\/www.messinaoggi.it\/website\/wp-json\/wp\/v2\/posts\/256182"}],"collection":[{"href":"https:\/\/www.messinaoggi.it\/website\/wp-json\/wp\/v2\/posts"}],"about":[{"href":"https:\/\/www.messinaoggi.it\/website\/wp-json\/wp\/v2\/types\/post"}],"author":[{"embeddable":true,"href":"https:\/\/www.messinaoggi.it\/website\/wp-json\/wp\/v2\/users\/2"}],"replies":[{"embeddable":true,"href":"https:\/\/www.messinaoggi.it\/website\/wp-json\/wp\/v2\/comments?post=256182"}],"version-history":[{"count":1,"href":"https:\/\/www.messinaoggi.it\/website\/wp-json\/wp\/v2\/posts\/256182\/revisions"}],"predecessor-version":[{"id":256183,"href":"https:\/\/www.messinaoggi.it\/website\/wp-json\/wp\/v2\/posts\/256182\/revisions\/256183"}],"wp:featuredmedia":[{"embeddable":true,"href":"https:\/\/www.messinaoggi.it\/website\/wp-json\/wp\/v2\/media\/251393"}],"wp:attachment":[{"href":"https:\/\/www.messinaoggi.it\/website\/wp-json\/wp\/v2\/media?parent=256182"}],"wp:term":[{"taxonomy":"category","embeddable":true,"href":"https:\/\/www.messinaoggi.it\/website\/wp-json\/wp\/v2\/categories?post=256182"},{"taxonomy":"post_tag","embeddable":true,"href":"https:\/\/www.messinaoggi.it\/website\/wp-json\/wp\/v2\/tags?post=256182"}],"curies":[{"name":"wp","href":"https:\/\/api.w.org\/{rel}","templated":true}]}}