{"id":25614,"date":"2018-10-17T12:35:45","date_gmt":"2018-10-17T10:35:45","guid":{"rendered":"http:\/\/www.messinaoggi.it\/website\/?p=25614"},"modified":"2018-10-17T12:35:45","modified_gmt":"2018-10-17T10:35:45","slug":"gioveni-passa-dalle-parole-ai-fatti-chiesta-commissione-speciale-sulla-gestione-dei-servizi-sociali","status":"publish","type":"post","link":"https:\/\/www.messinaoggi.it\/website\/2018\/10\/17\/gioveni-passa-dalle-parole-ai-fatti-chiesta-commissione-speciale-sulla-gestione-dei-servizi-sociali\/","title":{"rendered":"Gioveni passa dalle parole ai fatti, c&#039;\u00e8 l&#039;istanza per Commissione speciale sulla gestione dei Servizi sociali"},"content":{"rendered":"<p>Come annunciato ieri in una nota, stamane (come si evince dall&#8217;allegato gi\u00e0 protocollato alla presidenza del Consiglio), Libero Gioveni, unitamente ad altri tredici consiglieri comunali, ha depositato l&#8217;istanza per istituire, ai sensi dell&#8217;art. 60 del Regolamento del Consiglio comunale, una Commissione speciale d&#8217;inchiesta sulla gestione dei Servizi sociali, a seguito delle forti denunce (riassunte anche in un dossier) fatte dal sindaco De Luca nella seduta straordinaria del Consiglio comunale di luned\u00ec scorso dedicata al &#8220;Salva Messina&#8221;.<br \/>\nSi ricorda che bastano, ai sensi del comma 1 del citato art. 60, i 2\/5 dei consiglieri (13), per cui le 14 firme depositate gi\u00e0 sono sufficienti per la discussione in Aula, precisando tuttavia che, proprio per la celerit\u00e0 che si \u00e8 voluto dare alla presentazione dell&#8217;atto, lo scrivente non ha avuto la possibilit\u00e0 materiale di coinvolgere i consiglieri assenti stamane da Palazzo Zanca, che certamente potranno esprimersi direttamente all&#8217;atto della trattazione.<div id=\"div-gpt-ad-Messinaoggi.it-DSK-300x250-corpoart\" style=\"text-align:center;margin:0 auto;\"><\/div><\/p>\n<div id=\"videoincontent\" style=\"clear:both\";><\/div>","protected":false},"excerpt":{"rendered":"<p>Come annunciato ieri in una nota, stamane (come si evince dall&#8217;allegato gi\u00e0 protocollato alla presidenza del Consiglio), Libero Gioveni, unitamente ad altri tredici consiglieri comunali, ha depositato l&#8217;istanza per istituire, ai sensi dell&#8217;art. 60 del Regolamento del Consiglio comunale, una Commissione speciale d&#8217;inchiesta sulla gestione dei Servizi sociali, a seguito delle forti denunce (riassunte anche [&hellip;]<\/p>\n","protected":false},"author":4,"featured_media":25615,"comment_status":"closed","ping_status":"open","sticky":false,"template":"","format":"standard","meta":{"ub_ctt_via":"","_mi_skip_tracking":false},"categories":[6],"tags":[],"featured_image_src":"https:\/\/www.messinaoggi.it\/website\/wp-content\/uploads\/2018\/10\/gioveni-su-commissione-servizi-sociali.jpg","author_info":{"display_name":"redme","author_link":"https:\/\/www.messinaoggi.it\/website\/author\/redme\/"},"digistream_id":0,"digistream":false,"_links":{"self":[{"href":"https:\/\/www.messinaoggi.it\/website\/wp-json\/wp\/v2\/posts\/25614"}],"collection":[{"href":"https:\/\/www.messinaoggi.it\/website\/wp-json\/wp\/v2\/posts"}],"about":[{"href":"https:\/\/www.messinaoggi.it\/website\/wp-json\/wp\/v2\/types\/post"}],"author":[{"embeddable":true,"href":"https:\/\/www.messinaoggi.it\/website\/wp-json\/wp\/v2\/users\/4"}],"replies":[{"embeddable":true,"href":"https:\/\/www.messinaoggi.it\/website\/wp-json\/wp\/v2\/comments?post=25614"}],"version-history":[{"count":0,"href":"https:\/\/www.messinaoggi.it\/website\/wp-json\/wp\/v2\/posts\/25614\/revisions"}],"wp:featuredmedia":[{"embeddable":true,"href":"https:\/\/www.messinaoggi.it\/website\/wp-json\/wp\/v2\/media\/25615"}],"wp:attachment":[{"href":"https:\/\/www.messinaoggi.it\/website\/wp-json\/wp\/v2\/media?parent=25614"}],"wp:term":[{"taxonomy":"category","embeddable":true,"href":"https:\/\/www.messinaoggi.it\/website\/wp-json\/wp\/v2\/categories?post=25614"},{"taxonomy":"post_tag","embeddable":true,"href":"https:\/\/www.messinaoggi.it\/website\/wp-json\/wp\/v2\/tags?post=25614"}],"curies":[{"name":"wp","href":"https:\/\/api.w.org\/{rel}","templated":true}]}}