{"id":256116,"date":"2025-12-04T13:06:50","date_gmt":"2025-12-04T12:06:50","guid":{"rendered":"https:\/\/www.messinaoggi.it\/website\/2025\/12\/04\/conte-spalletti-e-palladino-gli-allenatori-piu-citati-da-radio-e-tv\/"},"modified":"2025-12-04T13:06:50","modified_gmt":"2025-12-04T12:06:50","slug":"conte-spalletti-e-palladino-gli-allenatori-piu-citati-da-radio-e-tv","status":"publish","type":"post","link":"https:\/\/www.messinaoggi.it\/website\/2025\/12\/04\/conte-spalletti-e-palladino-gli-allenatori-piu-citati-da-radio-e-tv\/","title":{"rendered":"Conte, Spalletti e Palladino gli allenatori pi\u00f9 citati da Radio e Tv"},"content":{"rendered":"<div>ROMA (ITALPRESS) &#8211; <strong>Antonio Conte \u00e8 l&#8217;allenatore di serie A citato pi\u00f9 volte sulle principali emittenti radiofoniche e televisive italiane<\/strong>. Secondo i dati raccolti da Mediamonitor.it, piattaforma che utilizza tecnologia e soluzioni sviluppate da Cedat 85, azienda attiva da 40 anni nella fornitura dei contenuti provenienti dal parlato, nel periodo compreso fra domenica 2 novembre e marted\u00ec 2 dicembre Conte ha totalizzato ben 976 citazioni sulle radio e tv nazionali.<div id=\"div-gpt-ad-Messinaoggi.it-DSK-300x250-corpoart\" style=\"text-align:center;margin:0 auto;\"><\/div><\/p>\n<p>L&#8217;allenatore del Napoli, che dopo la pesante sconfitta con il Bologna aveva approfittato della pausa di campionato per trascorrere qualche giorno in famiglia a Torino, scatenando una ridda di illazioni e voci sulle sue possibili dimissioni, precede sul podio Luciano <strong>Spalletti<\/strong> (713), subentrato a fine ottobre alla guida della Juventus dopo l&#8217;esonero di Tudor, e Raffaele <strong>Palladino<\/strong> (549), ingaggiato ai primi di novembre dall&#8217;Atalanta per sostituire Juric.<br \/>\nAd aggiudicarsi la medaglia di legno, per una manciata di menzioni (532), \u00e8 Massimiliano <strong>Allegri,<\/strong> tornato ad allenare il Milan undici anni dopo la sua precedente (e deludente) esperienza in rossonero, mentre il quinto posto \u00e8 appannaggio di Gian Piero <strong>Gasperini;<\/strong> il mister giallorosso ottiene 482 citazioni, superando di poco il suo omologo sulla panchina nerazzurra, con il quale condivide ex aequo il secondo posto in classifica di campionato: Christian <strong>Chivu,<\/strong> alla guida dell&#8217;Inter, \u00e8 stato infatti citato 476 volte.<div id=\"videoincontent\" style=\"clear:both\";><\/div><\/p>\n<p>L&#8217;analisi di Mediamonitor.it assegna la settima posizione al nuovo allenatore del Genoa, Daniele De Rossi (371 menzioni), chiamato dai dirigenti rossobl\u00f9 a sostituire il dimissionario Vieira; l&#8217;ex centrocampista della Roma e della Nazionale campione del mondo 2006 precede Paolo Vanoli (305), ingaggiato dopo l&#8217;esonero di Pioli per risollevare le sorti della Fiorentina ultima in classifica, e Cesc Fabregas, allenatore di quel Como che \u00e8 la squadra rivelazione delle ultime stagioni calcistiche. Fabregas, con 220 citazioni, supera di una sola menzione il tecnico della Lazio, Maurizio Sarri (219).<\/p>\n<p>&#8211; foto Ipa Agency &#8211;<\/p>\n<p>(ITALPRESS).<\/p><\/div>\n","protected":false},"excerpt":{"rendered":"<p>ROMA (ITALPRESS) &#8211; Antonio Conte \u00e8 l&#8217;allenatore di serie A citato pi\u00f9 volte sulle principali emittenti radiofoniche e televisive italiane. Secondo i dati raccolti da Mediamonitor.it, piattaforma che utilizza tecnologia e soluzioni sviluppate da Cedat 85, azienda attiva da 40 anni nella fornitura dei contenuti provenienti dal parlato, nel periodo compreso fra domenica 2 novembre [&hellip;]<\/p>\n","protected":false},"author":18,"featured_media":256117,"comment_status":"closed","ping_status":"closed","sticky":false,"template":"","format":"standard","meta":{"ub_ctt_via":"","_mi_skip_tracking":false},"categories":[446],"tags":[783],"featured_image_src":"https:\/\/www.messinaoggi.it\/website\/wp-content\/uploads\/2025\/12\/20251204_0105.jpg","author_info":{"display_name":"Admin","author_link":"https:\/\/www.messinaoggi.it\/website\/author\/admin\/"},"digistream_id":0,"digistream":false,"_links":{"self":[{"href":"https:\/\/www.messinaoggi.it\/website\/wp-json\/wp\/v2\/posts\/256116"}],"collection":[{"href":"https:\/\/www.messinaoggi.it\/website\/wp-json\/wp\/v2\/posts"}],"about":[{"href":"https:\/\/www.messinaoggi.it\/website\/wp-json\/wp\/v2\/types\/post"}],"author":[{"embeddable":true,"href":"https:\/\/www.messinaoggi.it\/website\/wp-json\/wp\/v2\/users\/18"}],"replies":[{"embeddable":true,"href":"https:\/\/www.messinaoggi.it\/website\/wp-json\/wp\/v2\/comments?post=256116"}],"version-history":[{"count":0,"href":"https:\/\/www.messinaoggi.it\/website\/wp-json\/wp\/v2\/posts\/256116\/revisions"}],"wp:featuredmedia":[{"embeddable":true,"href":"https:\/\/www.messinaoggi.it\/website\/wp-json\/wp\/v2\/media\/256117"}],"wp:attachment":[{"href":"https:\/\/www.messinaoggi.it\/website\/wp-json\/wp\/v2\/media?parent=256116"}],"wp:term":[{"taxonomy":"category","embeddable":true,"href":"https:\/\/www.messinaoggi.it\/website\/wp-json\/wp\/v2\/categories?post=256116"},{"taxonomy":"post_tag","embeddable":true,"href":"https:\/\/www.messinaoggi.it\/website\/wp-json\/wp\/v2\/tags?post=256116"}],"curies":[{"name":"wp","href":"https:\/\/api.w.org\/{rel}","templated":true}]}}