{"id":25610,"date":"2018-10-17T11:22:09","date_gmt":"2018-10-17T09:22:09","guid":{"rendered":"http:\/\/www.messinaoggi.it\/website\/?p=25610"},"modified":"2018-10-17T11:22:09","modified_gmt":"2018-10-17T09:22:09","slug":"santa-margherita-in-festa-per-il-ventennale-della-parrocchia-santa-maria-madre-della-chiesa","status":"publish","type":"post","link":"https:\/\/www.messinaoggi.it\/website\/2018\/10\/17\/santa-margherita-in-festa-per-il-ventennale-della-parrocchia-santa-maria-madre-della-chiesa\/","title":{"rendered":"Santa Margherita in festa per il ventennale della parrocchia Santa Maria Madre della Chiesa"},"content":{"rendered":"<p>Una festa sobria, coinvolgente, intensa e ricca di significati. Ricorre oggi il ventennale di erezione canonica della parrocchia Santa Maria Madre della Chiesa, a Santa Margherita Marina.<br \/>\nIl programma dei festeggiamenti si \u00e8 aperto ieri con la Santa Messa ed I Vespri. Stasera alle 21 avr\u00e0 luogo la funzione solenne presieduta da padre Enzo Maiuri cui seguir\u00e0 un momento di condivisione, uno dei tanti che contraddistinguono una comunit\u00e0 che magari avr\u00e0 modo di confrontarsi ed al tempo stesso di tracciare un bilancio di questi primi vent\u2019anni. A fare gli onori di casa ci sar\u00e0 padre Antonio Dino.<br \/>\nUn altro momento di aggregazione \u00e8 previsto sabato alle 19.30 con la Sagra d\u2019autunno, dove i presenti avranno la possibilit\u00e0 di degustare ed apprezzare i prodotti tipici del periodo. Intenso anche il programma domenicale con le Sante Messe delle 11 e delle 18 ed una serata in musica con cori messinesi.<br \/>\n<strong>Tonino Demana<\/strong><div id=\"div-gpt-ad-Messinaoggi.it-DSK-300x250-corpoart\" style=\"text-align:center;margin:0 auto;\"><\/div><\/p>\n<div id=\"videoincontent\" style=\"clear:both\";><\/div>","protected":false},"excerpt":{"rendered":"<p>Una festa sobria, coinvolgente, intensa e ricca di significati. Ricorre oggi il ventennale di erezione canonica della parrocchia Santa Maria Madre della Chiesa, a Santa Margherita Marina. Il programma dei festeggiamenti si \u00e8 aperto ieri con la Santa Messa ed I Vespri. Stasera alle 21 avr\u00e0 luogo la funzione solenne presieduta da padre Enzo Maiuri [&hellip;]<\/p>\n","protected":false},"author":4,"featured_media":25611,"comment_status":"closed","ping_status":"open","sticky":false,"template":"","format":"standard","meta":{"ub_ctt_via":"","_mi_skip_tracking":false},"categories":[5],"tags":[],"featured_image_src":"https:\/\/www.messinaoggi.it\/website\/wp-content\/uploads\/2018\/10\/locandina-ventennale-santa-maria-madre-della-chiesa.jpg","author_info":{"display_name":"redme","author_link":"https:\/\/www.messinaoggi.it\/website\/author\/redme\/"},"digistream_id":0,"digistream":false,"_links":{"self":[{"href":"https:\/\/www.messinaoggi.it\/website\/wp-json\/wp\/v2\/posts\/25610"}],"collection":[{"href":"https:\/\/www.messinaoggi.it\/website\/wp-json\/wp\/v2\/posts"}],"about":[{"href":"https:\/\/www.messinaoggi.it\/website\/wp-json\/wp\/v2\/types\/post"}],"author":[{"embeddable":true,"href":"https:\/\/www.messinaoggi.it\/website\/wp-json\/wp\/v2\/users\/4"}],"replies":[{"embeddable":true,"href":"https:\/\/www.messinaoggi.it\/website\/wp-json\/wp\/v2\/comments?post=25610"}],"version-history":[{"count":0,"href":"https:\/\/www.messinaoggi.it\/website\/wp-json\/wp\/v2\/posts\/25610\/revisions"}],"wp:featuredmedia":[{"embeddable":true,"href":"https:\/\/www.messinaoggi.it\/website\/wp-json\/wp\/v2\/media\/25611"}],"wp:attachment":[{"href":"https:\/\/www.messinaoggi.it\/website\/wp-json\/wp\/v2\/media?parent=25610"}],"wp:term":[{"taxonomy":"category","embeddable":true,"href":"https:\/\/www.messinaoggi.it\/website\/wp-json\/wp\/v2\/categories?post=25610"},{"taxonomy":"post_tag","embeddable":true,"href":"https:\/\/www.messinaoggi.it\/website\/wp-json\/wp\/v2\/tags?post=25610"}],"curies":[{"name":"wp","href":"https:\/\/api.w.org\/{rel}","templated":true}]}}