{"id":256075,"date":"2025-12-04T10:26:20","date_gmt":"2025-12-04T09:26:20","guid":{"rendered":"http:\/\/www.messinaoggi.it\/website\/?p=256075"},"modified":"2025-12-04T10:26:21","modified_gmt":"2025-12-04T09:26:21","slug":"udu-incontra-la-rettrice-carlo-passo-in-avanti-su-tema-violenza-donne","status":"publish","type":"post","link":"https:\/\/www.messinaoggi.it\/website\/2025\/12\/04\/udu-incontra-la-rettrice-carlo-passo-in-avanti-su-tema-violenza-donne\/","title":{"rendered":"UDU incontra la Rettrice, Carlo: &#8220;Passo in avanti su tema violenza donne&#8221;"},"content":{"rendered":"\n<p>Un delegazione dell\u2019Unione degli Universitari (UDU) Messina ha incontrato la Rettrice dell\u2019Universit\u00e0 di Messina, Prof.ssa Giovanna Spatari, in seguito alla richiesta formale inviata dall\u2019organizzazione studentesca in data 25 novembre. <div id=\"div-gpt-ad-Messinaoggi.it-DSK-300x250-corpoart\" style=\"text-align:center;margin:0 auto;\"><\/div><\/p>\n\n\n\n<p>La richiesta riguardava l\u2019introduzione, all\u2019interno dell\u2019offerta formativa d\u2019Ateneo, di\u00a0<strong>un percorso strutturato di educazione sessuale e affettiva<\/strong>, insieme ad\u00a0<strong>azioni continuative di prevenzione e contrasto alla violenza di genere<\/strong>.<div id=\"videoincontent\" style=\"clear:both\";><\/div><\/p>\n\n\n\n<p>Nel corso dell\u2019incontro, la Rettrice e il Prorettore, prof. Giuseppe Giordano, hanno valutato positivamente la richiesta di inserire un percorso di educazione sessuale e affettiva nei piani di studio degli studenti e delle studentesse di Unime. \u00c9 emersa la necessit\u00e0, nelle prossime settimane, di iniziare a sviluppare questi percorsi per renderli disponibili dal prossimo semestre o dal prossimo anno accademico.<br>\u00abUn passo in avanti per contrastare il fenomeno del femminicidio e delle violenze di genere\u00bb \u2014 dichiara\u00a0Emanuele Carlo, coordinatore dell\u2019UDU Messina\u00a0\u2014 . Consideriamo questo confronto un tassello importante verso la costruzione di percorsi formativi che mettano al centro il benessere della comunit\u00e0 studentesca e la promozione di una cultura delle relazioni sane.\u00bb<br>L\u2019UDU Messina continuer\u00e0 a vigilare sulla definizione delle modalit\u00e0 pi\u00f9 efficaci di attuazione del percorso proposto, auspicando che le iniziative possano essere integrate stabilmente nella vita accademica.<\/p>\n","protected":false},"excerpt":{"rendered":"<p>Un delegazione dell\u2019Unione degli Universitari (UDU) Messina ha incontrato la Rettrice dell\u2019Universit\u00e0 di Messina, Prof.ssa Giovanna Spatari, in seguito alla richiesta formale inviata dall\u2019organizzazione studentesca in data 25 novembre. La richiesta riguardava l\u2019introduzione, all\u2019interno dell\u2019offerta formativa d\u2019Ateneo, di\u00a0un percorso strutturato di educazione sessuale e affettiva, insieme ad\u00a0azioni continuative di prevenzione e contrasto alla violenza di [&hellip;]<\/p>\n","protected":false},"author":2,"featured_media":175386,"comment_status":"open","ping_status":"open","sticky":false,"template":"","format":"standard","meta":{"ub_ctt_via":"","_mi_skip_tracking":false},"categories":[5,7],"tags":[11706,12004,6331,612],"featured_image_src":"https:\/\/www.messinaoggi.it\/website\/wp-content\/uploads\/2023\/11\/Unknown-1-e1699086056875.jpg","author_info":{"display_name":"Redazione","author_link":"https:\/\/www.messinaoggi.it\/website\/author\/redazione\/"},"digistream_id":0,"digistream":false,"_links":{"self":[{"href":"https:\/\/www.messinaoggi.it\/website\/wp-json\/wp\/v2\/posts\/256075"}],"collection":[{"href":"https:\/\/www.messinaoggi.it\/website\/wp-json\/wp\/v2\/posts"}],"about":[{"href":"https:\/\/www.messinaoggi.it\/website\/wp-json\/wp\/v2\/types\/post"}],"author":[{"embeddable":true,"href":"https:\/\/www.messinaoggi.it\/website\/wp-json\/wp\/v2\/users\/2"}],"replies":[{"embeddable":true,"href":"https:\/\/www.messinaoggi.it\/website\/wp-json\/wp\/v2\/comments?post=256075"}],"version-history":[{"count":1,"href":"https:\/\/www.messinaoggi.it\/website\/wp-json\/wp\/v2\/posts\/256075\/revisions"}],"predecessor-version":[{"id":256076,"href":"https:\/\/www.messinaoggi.it\/website\/wp-json\/wp\/v2\/posts\/256075\/revisions\/256076"}],"wp:featuredmedia":[{"embeddable":true,"href":"https:\/\/www.messinaoggi.it\/website\/wp-json\/wp\/v2\/media\/175386"}],"wp:attachment":[{"href":"https:\/\/www.messinaoggi.it\/website\/wp-json\/wp\/v2\/media?parent=256075"}],"wp:term":[{"taxonomy":"category","embeddable":true,"href":"https:\/\/www.messinaoggi.it\/website\/wp-json\/wp\/v2\/categories?post=256075"},{"taxonomy":"post_tag","embeddable":true,"href":"https:\/\/www.messinaoggi.it\/website\/wp-json\/wp\/v2\/tags?post=256075"}],"curies":[{"name":"wp","href":"https:\/\/api.w.org\/{rel}","templated":true}]}}