{"id":256026,"date":"2025-12-04T06:20:20","date_gmt":"2025-12-04T05:20:20","guid":{"rendered":"http:\/\/www.messinaoggi.it\/website\/?p=256026"},"modified":"2025-12-03T16:23:40","modified_gmt":"2025-12-03T15:23:40","slug":"cateno-ha-fatto-la-fine-di-calimero","status":"publish","type":"post","link":"https:\/\/www.messinaoggi.it\/website\/2025\/12\/04\/cateno-ha-fatto-la-fine-di-calimero\/","title":{"rendered":"Cateno ha fatto la fine di Calimero&#8230;"},"content":{"rendered":"\n<p><strong>Cateno De Luca <\/strong>ha fatto la fine di \u201c<em>Calimero<\/em>\u201d, il pulcino nero. Da ieri \u00e8 diventato il \u201c<em>Calimero della politica siciliana<\/em>\u201d, nessuno lo vuole pi\u00f9: n\u00e9 a destra, n\u00e9 a sinistra. Lo \u201c<strong>Sciamano del Nisi<\/strong>\u201d, dopo le sue ultime uscite \u00e8 finito nella \u201cfuliggine della politica siciliana\u201d, e adesso nessuno lo vuole pi\u00f9. Un po&#8217; come il celebre \u201c<em>Calimero<\/em>\u201d, il pulcino protagonista dell\u2019animazione pubblicitaria italiana, in voga sul finire degli anni Sessanta, nel celebre \u201cCarosello\u201d.<div id=\"div-gpt-ad-Messinaoggi.it-DSK-300x250-corpoart\" style=\"text-align:center;margin:0 auto;\"><\/div><\/p>\n\n\n\n<p><strong>Cateno De Luca<\/strong> aveva tentato di intrufolarsi nella coalizione di centro-destra ma avendo fiutato la possibilit\u00e0 di mandare a casa <strong>Renato Schifani<\/strong> ha tentato l\u2019approccio con il centro-sinistra. Ha votato a favore della mozione di sfiducia del governatore, ma i suoi tre \u201cmiseri\u201d voti sono serviti a poco. <strong>Schifani <\/strong>\u00e8 rimasto in sella, forte dei 41 deputati (esclusi tre assenti giustificati), che hanno detto di no alla sfiducia.<div id=\"videoincontent\" style=\"clear:both\";><\/div><\/p>\n\n\n\n<p>Risultato? Ieri, <strong>Nuccio Di Paola<\/strong>, leader del M5S, ha dichiarato pubblicamente: \u201cB<em>asta con i giochini, non funzionano. Porte chiuse da M5S, Pd e AvS<\/em>\u201d. Riferendosi, ovviamente, a <strong>Cateno De Luca<\/strong>.<\/p>\n\n\n\n<p>Il capogruppo di FdI all\u2019Ars, <strong>Giorgio Assenza<\/strong>, ha aggiunto: \u201c<em>De Luca ha fatto la sua lectio magistralis in aula e ha votato con la sinistra per guanto di sfida. Guardiamo con ansia ai suoi movimenti. La sinistra ne approfitti perch\u00e9 ha detto che senn\u00f2 da gennaio non far\u00e0 parte della loro coalizione..<\/em>.&#8221;.<\/p>\n\n\n\n<p>In poche parole <strong>Cateno De Luca<\/strong> \u00e8 stato capace con il suo fare \u201cfarsesco\u201d di fare arrabbiare in un solo colpo il centro-destra e il centro-sinistra.<\/p>\n\n\n\n<p>Facendo la fine di <em>Calimero<\/em>\u2026<\/p>\n\n\n\n<p><strong>D.Ga.<\/strong><\/p>\n","protected":false},"excerpt":{"rendered":"<p>Cateno De Luca ha fatto la fine di \u201cCalimero\u201d, il pulcino nero. Da ieri \u00e8 diventato il \u201cCalimero della politica siciliana\u201d, nessuno lo vuole pi\u00f9: n\u00e9 a destra, n\u00e9 a sinistra. Lo \u201cSciamano del Nisi\u201d, dopo le sue ultime uscite \u00e8 finito nella \u201cfuliggine della politica siciliana\u201d, e adesso nessuno lo vuole pi\u00f9. Un po&#8217; [&hellip;]<\/p>\n","protected":false},"author":2,"featured_media":256027,"comment_status":"open","ping_status":"open","sticky":false,"template":"","format":"standard","meta":{"ub_ctt_via":"","_mi_skip_tracking":false},"categories":[19],"tags":[11994,126,11992,4913,11993],"featured_image_src":"https:\/\/www.messinaoggi.it\/website\/wp-content\/uploads\/2025\/12\/593347140_10235071968091855_1656247217622223859_n-e1764775401435.jpg","author_info":{"display_name":"Redazione","author_link":"https:\/\/www.messinaoggi.it\/website\/author\/redazione\/"},"digistream_id":0,"digistream":false,"_links":{"self":[{"href":"https:\/\/www.messinaoggi.it\/website\/wp-json\/wp\/v2\/posts\/256026"}],"collection":[{"href":"https:\/\/www.messinaoggi.it\/website\/wp-json\/wp\/v2\/posts"}],"about":[{"href":"https:\/\/www.messinaoggi.it\/website\/wp-json\/wp\/v2\/types\/post"}],"author":[{"embeddable":true,"href":"https:\/\/www.messinaoggi.it\/website\/wp-json\/wp\/v2\/users\/2"}],"replies":[{"embeddable":true,"href":"https:\/\/www.messinaoggi.it\/website\/wp-json\/wp\/v2\/comments?post=256026"}],"version-history":[{"count":2,"href":"https:\/\/www.messinaoggi.it\/website\/wp-json\/wp\/v2\/posts\/256026\/revisions"}],"predecessor-version":[{"id":256029,"href":"https:\/\/www.messinaoggi.it\/website\/wp-json\/wp\/v2\/posts\/256026\/revisions\/256029"}],"wp:featuredmedia":[{"embeddable":true,"href":"https:\/\/www.messinaoggi.it\/website\/wp-json\/wp\/v2\/media\/256027"}],"wp:attachment":[{"href":"https:\/\/www.messinaoggi.it\/website\/wp-json\/wp\/v2\/media?parent=256026"}],"wp:term":[{"taxonomy":"category","embeddable":true,"href":"https:\/\/www.messinaoggi.it\/website\/wp-json\/wp\/v2\/categories?post=256026"},{"taxonomy":"post_tag","embeddable":true,"href":"https:\/\/www.messinaoggi.it\/website\/wp-json\/wp\/v2\/tags?post=256026"}],"curies":[{"name":"wp","href":"https:\/\/api.w.org\/{rel}","templated":true}]}}