{"id":256024,"date":"2025-12-03T16:06:41","date_gmt":"2025-12-03T15:06:41","guid":{"rendered":"https:\/\/www.messinaoggi.it\/website\/2025\/12\/03\/disabilita-la-russa-garantire-a-tutti-diritti-dignita-e-piena-partecipazione\/"},"modified":"2025-12-03T16:26:43","modified_gmt":"2025-12-03T15:26:43","slug":"disabilita-la-russa-garantire-a-tutti-diritti-dignita-e-piena-partecipazione","status":"publish","type":"post","link":"https:\/\/www.messinaoggi.it\/website\/2025\/12\/03\/disabilita-la-russa-garantire-a-tutti-diritti-dignita-e-piena-partecipazione\/","title":{"rendered":"Disabilit\u00e0, La Russa \u201cgarantire a tutti diritti, dignit\u00e0 e piena partecipazione\u201d"},"content":{"rendered":"<div>ROMA (ITALPRESS) &#8211; &#8220;In occasione della Giornata Internazionale delle Persone con Disabilit\u00e0, rinnovo la mia vicinanza a chi ogni giorno si confronta con barriere a noi spesso invisibili, ma per loro difficilmente superabili. Questa importante ricorrenza richiama tutti noi a un sempre maggiore impegno quotidiano nell&#8217;affrontare le tante problematiche ancora presenti e nel garantire a tutti diritti, dignit\u00e0 e piena partecipazione alla vita della comunit\u00e0&#8221;. Cos\u00ec su Facebook il presidente del Senato, Ignazio La Russa.<div id=\"div-gpt-ad-Messinaoggi.it-DSK-300x250-corpoart\" style=\"text-align:center;margin:0 auto;\"><\/div><\/p>\n<p>&#8211; Foto IPA Agency &#8211;<div id=\"videoincontent\" style=\"clear:both\";><\/div><\/p>\n<p>(ITALPRESS).<\/p><\/div>\n","protected":false},"excerpt":{"rendered":"<p>ROMA (ITALPRESS) &#8211; &#8220;In occasione della Giornata Internazionale delle Persone con Disabilit\u00e0, rinnovo la mia vicinanza a chi ogni giorno si confronta con barriere a noi spesso invisibili, ma per loro difficilmente superabili. Questa importante ricorrenza richiama tutti noi a un sempre maggiore impegno quotidiano nell&#8217;affrontare le tante problematiche ancora presenti e nel garantire a [&hellip;]<\/p>\n","protected":false},"author":18,"featured_media":256025,"comment_status":"closed","ping_status":"closed","sticky":false,"template":"","format":"standard","meta":{"ub_ctt_via":"","_mi_skip_tracking":false},"categories":[446,4],"tags":[783],"featured_image_src":"https:\/\/www.messinaoggi.it\/website\/wp-content\/uploads\/2025\/12\/20251203_0988.jpg","author_info":{"display_name":"Admin","author_link":"https:\/\/www.messinaoggi.it\/website\/author\/admin\/"},"digistream_id":0,"digistream":false,"_links":{"self":[{"href":"https:\/\/www.messinaoggi.it\/website\/wp-json\/wp\/v2\/posts\/256024"}],"collection":[{"href":"https:\/\/www.messinaoggi.it\/website\/wp-json\/wp\/v2\/posts"}],"about":[{"href":"https:\/\/www.messinaoggi.it\/website\/wp-json\/wp\/v2\/types\/post"}],"author":[{"embeddable":true,"href":"https:\/\/www.messinaoggi.it\/website\/wp-json\/wp\/v2\/users\/18"}],"replies":[{"embeddable":true,"href":"https:\/\/www.messinaoggi.it\/website\/wp-json\/wp\/v2\/comments?post=256024"}],"version-history":[{"count":1,"href":"https:\/\/www.messinaoggi.it\/website\/wp-json\/wp\/v2\/posts\/256024\/revisions"}],"predecessor-version":[{"id":256030,"href":"https:\/\/www.messinaoggi.it\/website\/wp-json\/wp\/v2\/posts\/256024\/revisions\/256030"}],"wp:featuredmedia":[{"embeddable":true,"href":"https:\/\/www.messinaoggi.it\/website\/wp-json\/wp\/v2\/media\/256025"}],"wp:attachment":[{"href":"https:\/\/www.messinaoggi.it\/website\/wp-json\/wp\/v2\/media?parent=256024"}],"wp:term":[{"taxonomy":"category","embeddable":true,"href":"https:\/\/www.messinaoggi.it\/website\/wp-json\/wp\/v2\/categories?post=256024"},{"taxonomy":"post_tag","embeddable":true,"href":"https:\/\/www.messinaoggi.it\/website\/wp-json\/wp\/v2\/tags?post=256024"}],"curies":[{"name":"wp","href":"https:\/\/api.w.org\/{rel}","templated":true}]}}