{"id":255986,"date":"2025-12-03T12:06:44","date_gmt":"2025-12-03T11:06:44","guid":{"rendered":"https:\/\/www.messinaoggi.it\/website\/2025\/12\/03\/disabilita-mattarella-linclusione-arricchisce-lintera-comunita\/"},"modified":"2025-12-03T12:06:44","modified_gmt":"2025-12-03T11:06:44","slug":"disabilita-mattarella-linclusione-arricchisce-lintera-comunita","status":"publish","type":"post","link":"https:\/\/www.messinaoggi.it\/website\/2025\/12\/03\/disabilita-mattarella-linclusione-arricchisce-lintera-comunita\/","title":{"rendered":"Disabilit\u00e0, Mattarella \u201cL\u2019inclusione arricchisce l\u2019intera comunit\u00e0\u201d"},"content":{"rendered":"<div>ROMA (ITALPRESS) &#8211; <em>&#8220;<strong>La Costituzione garantisce a ogni donna e uomo, senza eccezioni, l&#8217;esercizio dei propri diritti.<\/strong> E&#8217;, sovente, un percorso arduo, specie per troppe persone con disabilit\u00e0, che vivono condizioni di solitudine ed emarginazione. <\/em><strong><em>Accade nella vita di ogni giorno, nelle strade dei nostri paesi e delle nostre citt\u00e0, nelle famiglie, nella scuola, nei servizi pubblici, nei luoghi di lavoro&#8221;<\/em>.<\/strong> Cos\u00ec il <strong>presidente della Repubblica, Sergio Mattarella, in occasione della Giornata Internazionale delle persone con disabilit\u00e0.<br \/>\n<\/strong><br \/>\n<em>&#8220;Pregiudizi e stereotipi ostacolano la piena partecipazione alla vita della comunit\u00e0 e la messa in valore dei loro talenti. Le famiglie affrontano sfide enormi<\/em> &#8211; prosegue il capo dello Stato -. <em>Ritardi, dinieghi, complicazioni irragionevoli, aggravano il peso economico, organizzativo ed emotivo della cura delle persone con disabilit\u00e0, talvolta afflitte da abusi e maltrattamenti oltre che da discriminazioni. E&#8217; una ferita per l&#8217;intera collettivit\u00e0 e a essa va posto riparo con politiche e scelte appropriate. L&#8217;inclusione arricchisce l&#8217;intera comunit\u00e0, contribuisce a un progresso sociale autentico e condiviso, in cui le persone con disabilit\u00e0 non vengono considerate un peso, bens\u00ec membri a pieno titolo della vita comune, alla quale sono chiamati a prendere parte con le capacit\u00e0 di cui sono dotati&#8221;.<\/em><div id=\"div-gpt-ad-Messinaoggi.it-DSK-300x250-corpoart\" style=\"text-align:center;margin:0 auto;\"><\/div><\/p>\n<p>&#8211; Foto ufficio stampa Quirinale &#8211;<div id=\"videoincontent\" style=\"clear:both\";><\/div><\/p>\n<p>(ITALPRESS).<\/p><\/div>\n","protected":false},"excerpt":{"rendered":"<p>ROMA (ITALPRESS) &#8211; &#8220;La Costituzione garantisce a ogni donna e uomo, senza eccezioni, l&#8217;esercizio dei propri diritti. E&#8217;, sovente, un percorso arduo, specie per troppe persone con disabilit\u00e0, che vivono condizioni di solitudine ed emarginazione. Accade nella vita di ogni giorno, nelle strade dei nostri paesi e delle nostre citt\u00e0, nelle famiglie, nella scuola, nei [&hellip;]<\/p>\n","protected":false},"author":18,"featured_media":255987,"comment_status":"closed","ping_status":"closed","sticky":false,"template":"","format":"standard","meta":{"ub_ctt_via":"","_mi_skip_tracking":false},"categories":[446],"tags":[783],"featured_image_src":"https:\/\/www.messinaoggi.it\/website\/wp-content\/uploads\/2025\/12\/20251203_0234.jpg","author_info":{"display_name":"Admin","author_link":"https:\/\/www.messinaoggi.it\/website\/author\/admin\/"},"digistream_id":0,"digistream":false,"_links":{"self":[{"href":"https:\/\/www.messinaoggi.it\/website\/wp-json\/wp\/v2\/posts\/255986"}],"collection":[{"href":"https:\/\/www.messinaoggi.it\/website\/wp-json\/wp\/v2\/posts"}],"about":[{"href":"https:\/\/www.messinaoggi.it\/website\/wp-json\/wp\/v2\/types\/post"}],"author":[{"embeddable":true,"href":"https:\/\/www.messinaoggi.it\/website\/wp-json\/wp\/v2\/users\/18"}],"replies":[{"embeddable":true,"href":"https:\/\/www.messinaoggi.it\/website\/wp-json\/wp\/v2\/comments?post=255986"}],"version-history":[{"count":0,"href":"https:\/\/www.messinaoggi.it\/website\/wp-json\/wp\/v2\/posts\/255986\/revisions"}],"wp:featuredmedia":[{"embeddable":true,"href":"https:\/\/www.messinaoggi.it\/website\/wp-json\/wp\/v2\/media\/255987"}],"wp:attachment":[{"href":"https:\/\/www.messinaoggi.it\/website\/wp-json\/wp\/v2\/media?parent=255986"}],"wp:term":[{"taxonomy":"category","embeddable":true,"href":"https:\/\/www.messinaoggi.it\/website\/wp-json\/wp\/v2\/categories?post=255986"},{"taxonomy":"post_tag","embeddable":true,"href":"https:\/\/www.messinaoggi.it\/website\/wp-json\/wp\/v2\/tags?post=255986"}],"curies":[{"name":"wp","href":"https:\/\/api.w.org\/{rel}","templated":true}]}}