{"id":255970,"date":"2025-12-03T11:25:40","date_gmt":"2025-12-03T10:25:40","guid":{"rendered":"http:\/\/www.messinaoggi.it\/website\/?p=255970"},"modified":"2025-12-03T11:25:42","modified_gmt":"2025-12-03T10:25:42","slug":"sicindustria-messina-celebra-50-anni-di-futuro","status":"publish","type":"post","link":"https:\/\/www.messinaoggi.it\/website\/2025\/12\/03\/sicindustria-messina-celebra-50-anni-di-futuro\/","title":{"rendered":"Sicindustria Messina celebra &#8220;50 anni di futuro&#8221;"},"content":{"rendered":"\n<p>Cinquant\u2019anni di storie d\u2019impresa, visioni, sfide e nuove generazioni che hanno contribuito alla crescita del territorio. \u00c8 questo il patrimonio che il Gruppo Giovani Imprenditori di Sicindustria Messina celebrer\u00e0 domani, gioved\u00ec 4 dicembre, alle 15, nel Salone della Borsa della Camera di Commercio, con l\u2019evento \u201c50 Anni di Futuro. Impresa, Innovazione e Territorio\u201d. Una ricorrenza che non guarda solo al passato: sar\u00e0 proprio in questa occasione infatti che il Gruppo presenter\u00e0 il nuovo presidente e la sua squadra.<div id=\"div-gpt-ad-Messinaoggi.it-DSK-300x250-corpoart\" style=\"text-align:center;margin:0 auto;\"><\/div><\/p>\n\n\n\n<p>L\u2019incontro, moderato dal giornalista Emilio Pintaldi, si aprir\u00e0 con i saluti istituzionali dell\u2019attuale presidente dei Giovani Imprenditori della delegazione di Messina, Davide Blandina; del sindaco Federico Basile; del presidente della Camera di commercio, Ivo Blandina, e del presidente di Sicindustria Messina, Pietro Franza.<div id=\"videoincontent\" style=\"clear:both\";><\/div><\/p>\n\n\n\n<p>Al centro del programma la sessione tematica \u201cGiovani, Impresa e Innovazione\u201d, articolata in due tavole rotonde che analizzeranno il contributo dell\u2019imprenditoria giovanile allo sviluppo della Sicilia e le opportunit\u00e0 offerte dall\u2019innovazione e dall\u2019ecosistema delle startup.<\/p>\n\n\n\n<p>La prima tavola rotonda nasce dall\u2019idea che l\u2019impresa giovanile non \u00e8 una semplice categoria, ma un moltiplicatore di cambiamento e, in una regione che spesso sconta lentezze strutturali, sono i giovani imprenditori a rappresentare la parte pi\u00f9 dinamica del sistema economico.<\/p>\n\n\n\n<p>La seconda tavola rotonda affronter\u00e0 un tema cruciale: l\u2019innovazione come unico modo per far crescere territori che rischiano la marginalit\u00e0. Start-up, incubatori, universit\u00e0 e ordini professionali non sono mondi separati, se lavorano in sinergia, possono diventare un vero ecosistema di sviluppo, capace di attrarre investimenti; trattenere e riportare talenti; trasformare idee in imprese.<\/p>\n\n\n\n<p>A seguire, lo spazio dedicato alle testimonianze di giovani professionisti che hanno scelto di tornare a Messina per costruire il proprio percorso imprenditoriale. La giornata si concluder\u00e0 con il momento \u201cNext 50\u00b0\u201d, dedicato alla visione e alle prospettive future del Gruppo.<\/p>\n","protected":false},"excerpt":{"rendered":"<p>Cinquant\u2019anni di storie d\u2019impresa, visioni, sfide e nuove generazioni che hanno contribuito alla crescita del territorio. \u00c8 questo il patrimonio che il Gruppo Giovani Imprenditori di Sicindustria Messina celebrer\u00e0 domani, gioved\u00ec 4 dicembre, alle 15, nel Salone della Borsa della Camera di Commercio, con l\u2019evento \u201c50 Anni di Futuro. Impresa, Innovazione e Territorio\u201d. Una ricorrenza [&hellip;]<\/p>\n","protected":false},"author":2,"featured_media":450,"comment_status":"open","ping_status":"open","sticky":false,"template":"","format":"standard","meta":{"ub_ctt_via":"","_mi_skip_tracking":false},"categories":[6],"tags":[1012,11978,11977],"featured_image_src":"https:\/\/www.messinaoggi.it\/website\/wp-content\/uploads\/2017\/05\/camera-commercio-messina-2.jpg","author_info":{"display_name":"Redazione","author_link":"https:\/\/www.messinaoggi.it\/website\/author\/redazione\/"},"digistream_id":0,"digistream":false,"_links":{"self":[{"href":"https:\/\/www.messinaoggi.it\/website\/wp-json\/wp\/v2\/posts\/255970"}],"collection":[{"href":"https:\/\/www.messinaoggi.it\/website\/wp-json\/wp\/v2\/posts"}],"about":[{"href":"https:\/\/www.messinaoggi.it\/website\/wp-json\/wp\/v2\/types\/post"}],"author":[{"embeddable":true,"href":"https:\/\/www.messinaoggi.it\/website\/wp-json\/wp\/v2\/users\/2"}],"replies":[{"embeddable":true,"href":"https:\/\/www.messinaoggi.it\/website\/wp-json\/wp\/v2\/comments?post=255970"}],"version-history":[{"count":1,"href":"https:\/\/www.messinaoggi.it\/website\/wp-json\/wp\/v2\/posts\/255970\/revisions"}],"predecessor-version":[{"id":255971,"href":"https:\/\/www.messinaoggi.it\/website\/wp-json\/wp\/v2\/posts\/255970\/revisions\/255971"}],"wp:featuredmedia":[{"embeddable":true,"href":"https:\/\/www.messinaoggi.it\/website\/wp-json\/wp\/v2\/media\/450"}],"wp:attachment":[{"href":"https:\/\/www.messinaoggi.it\/website\/wp-json\/wp\/v2\/media?parent=255970"}],"wp:term":[{"taxonomy":"category","embeddable":true,"href":"https:\/\/www.messinaoggi.it\/website\/wp-json\/wp\/v2\/categories?post=255970"},{"taxonomy":"post_tag","embeddable":true,"href":"https:\/\/www.messinaoggi.it\/website\/wp-json\/wp\/v2\/tags?post=255970"}],"curies":[{"name":"wp","href":"https:\/\/api.w.org\/{rel}","templated":true}]}}