{"id":255947,"date":"2025-12-03T00:06:41","date_gmt":"2025-12-02T23:06:41","guid":{"rendered":"https:\/\/www.messinaoggi.it\/website\/2025\/12\/02\/mattarella-il-mediterraneo-torni-crocevia-di-dialogo-e-di-pace\/"},"modified":"2025-12-03T11:27:22","modified_gmt":"2025-12-03T10:27:22","slug":"mattarella-il-mediterraneo-torni-crocevia-di-dialogo-e-di-pace","status":"publish","type":"post","link":"https:\/\/www.messinaoggi.it\/website\/2025\/12\/03\/mattarella-il-mediterraneo-torni-crocevia-di-dialogo-e-di-pace\/","title":{"rendered":"Mattarella \u201cIl Mediterraneo torni crocevia di dialogo e di pace\u201d"},"content":{"rendered":"<div>ROMA (ITALPRESS) &#8211; <em>&#8220;<strong>Santit\u00e0, al rientro dal Suo viaggio apostolico in Turchia e Libano, Le rivolgo il mio affettuoso pensiero.<\/strong> Il Suo richiamo incessante al rispetto della persona umana, alla solidariet\u00e0 e all&#8217;inclusione ha trovato corrispondenza nell&#8217;entusiasmo dei tanti che si sono radunati per accoglierLa. Mi riferisco, in particolare, ai giovani, chiamati a tutelare l&#8217;identit\u00e0 plurale del <strong>Mediterraneo, affinch\u00e8 torni a essere un crocevia di dialogo e di pace. A nome del popolo italiano e mio personale desidero porgerLe il pi\u00f9 cordiale e sincero saluto&#8221;<\/strong>.<\/em> Cos\u00ec il <strong>presidente della Repubblica, Sergio Mattarella, in un messaggio inviato a Papa Leone XIV.<\/strong><div id=\"div-gpt-ad-Messinaoggi.it-DSK-300x250-corpoart\" style=\"text-align:center;margin:0 auto;\"><\/div><\/p>\n<p>&#8211; Foto ufficio stampa Quirinale &#8211;<div id=\"videoincontent\" style=\"clear:both\";><\/div><\/p>\n<p>(ITALPRESS).<\/p><\/div>\n","protected":false},"excerpt":{"rendered":"<p>ROMA (ITALPRESS) &#8211; &#8220;Santit\u00e0, al rientro dal Suo viaggio apostolico in Turchia e Libano, Le rivolgo il mio affettuoso pensiero. Il Suo richiamo incessante al rispetto della persona umana, alla solidariet\u00e0 e all&#8217;inclusione ha trovato corrispondenza nell&#8217;entusiasmo dei tanti che si sono radunati per accoglierLa. Mi riferisco, in particolare, ai giovani, chiamati a tutelare l&#8217;identit\u00e0 [&hellip;]<\/p>\n","protected":false},"author":18,"featured_media":255948,"comment_status":"closed","ping_status":"closed","sticky":false,"template":"","format":"standard","meta":{"ub_ctt_via":"","_mi_skip_tracking":false},"categories":[446,4],"tags":[783],"featured_image_src":"https:\/\/www.messinaoggi.it\/website\/wp-content\/uploads\/2025\/12\/20251202_1858.jpg","author_info":{"display_name":"Admin","author_link":"https:\/\/www.messinaoggi.it\/website\/author\/admin\/"},"digistream_id":0,"digistream":false,"_links":{"self":[{"href":"https:\/\/www.messinaoggi.it\/website\/wp-json\/wp\/v2\/posts\/255947"}],"collection":[{"href":"https:\/\/www.messinaoggi.it\/website\/wp-json\/wp\/v2\/posts"}],"about":[{"href":"https:\/\/www.messinaoggi.it\/website\/wp-json\/wp\/v2\/types\/post"}],"author":[{"embeddable":true,"href":"https:\/\/www.messinaoggi.it\/website\/wp-json\/wp\/v2\/users\/18"}],"replies":[{"embeddable":true,"href":"https:\/\/www.messinaoggi.it\/website\/wp-json\/wp\/v2\/comments?post=255947"}],"version-history":[{"count":1,"href":"https:\/\/www.messinaoggi.it\/website\/wp-json\/wp\/v2\/posts\/255947\/revisions"}],"predecessor-version":[{"id":255974,"href":"https:\/\/www.messinaoggi.it\/website\/wp-json\/wp\/v2\/posts\/255947\/revisions\/255974"}],"wp:featuredmedia":[{"embeddable":true,"href":"https:\/\/www.messinaoggi.it\/website\/wp-json\/wp\/v2\/media\/255948"}],"wp:attachment":[{"href":"https:\/\/www.messinaoggi.it\/website\/wp-json\/wp\/v2\/media?parent=255947"}],"wp:term":[{"taxonomy":"category","embeddable":true,"href":"https:\/\/www.messinaoggi.it\/website\/wp-json\/wp\/v2\/categories?post=255947"},{"taxonomy":"post_tag","embeddable":true,"href":"https:\/\/www.messinaoggi.it\/website\/wp-json\/wp\/v2\/tags?post=255947"}],"curies":[{"name":"wp","href":"https:\/\/api.w.org\/{rel}","templated":true}]}}