{"id":255939,"date":"2025-12-03T03:06:42","date_gmt":"2025-12-03T02:06:42","guid":{"rendered":"https:\/\/www.messinaoggi.it\/website\/2025\/12\/02\/export-tajani-obiettivo-del-governo-700-miliardi\/"},"modified":"2025-12-03T11:27:41","modified_gmt":"2025-12-03T10:27:41","slug":"export-tajani-obiettivo-del-governo-700-miliardi","status":"publish","type":"post","link":"https:\/\/www.messinaoggi.it\/website\/2025\/12\/03\/export-tajani-obiettivo-del-governo-700-miliardi\/","title":{"rendered":"Export, Tajani \u201cObiettivo del Governo 700 miliardi\u201d"},"content":{"rendered":"<div>ROMA (ITALPRESS) &#8211; &#8220;Il commercio internazionale \u00e8 in espansione, i dati sono sempre molto positivi, il governo continua a perseguire l&#8217;obiettivo dei 700 miliardi entro la fine del 2027, cerchiamo di avere una strategia che punti a far crescere la nostra presenza in mercati non abbastanza esplorati fino ad oggi&#8221;. Lo ha detto il vicepremier e ministro degli Esteri, Antonio Tajani, a margine dell&#8217;Assemblea Generale di Alis.<br \/>&#8220;Anche con la riforma del ministero, che avr\u00e0 una Direzione generale per la crescita &#8211; ha aggiunto Tajani -, quindi sar\u00e0 un ministero anche economico, faremo in modo che nessun imprenditore italiano possa sentirsi solo quando opera al di l\u00e0 dei confini nazionali&#8221;.<br \/>&#8220;Sui dazi imposti da Trump il commissario europeo Sefcovic \u00e8 stato molto abile ad arrivare al 15%, si tratta di un accordo quadro nel quale bisogna ancora inserire una serie di settori. Qualsiasi dazio \u00e8 negativo, ma meglio il 15% del 100% che ha l&#8217;Arabia Saudita &#8211; ha spiegato Tajani -. Noi siamo tra i Paesi al mondo che hanno la maggiore variet\u00e0 di produzione merceologica e siamo in grado di adattarci a variazioni di mercato&#8221;.<br \/>&#8220;Pi\u00f9 che i dazi mi preoccupa il rapporto dollaro-euro, se il<br \/>dollaro continua a scendere per noi diventa complicato poter<br \/>esportare agevolmente &#8211; ha aggiunto Tajani -. A mio giudizio la<br \/>Banca Centrale Europea dovrebbe tagliare ancora il costo del<br \/>denaro, abbassare il valore dell&#8217;euro in modo che i nostri<br \/>prodotti possano essere pi\u00f9 competitivi&#8221;.<div id=\"div-gpt-ad-Messinaoggi.it-DSK-300x250-corpoart\" style=\"text-align:center;margin:0 auto;\"><\/div><\/p>\n<p>&#8211; Foto IPA Agency &#8211;<div id=\"videoincontent\" style=\"clear:both\";><\/div><\/p>\n<p>(ITALPRESS).<\/p><\/div>\n","protected":false},"excerpt":{"rendered":"<p>ROMA (ITALPRESS) &#8211; &#8220;Il commercio internazionale \u00e8 in espansione, i dati sono sempre molto positivi, il governo continua a perseguire l&#8217;obiettivo dei 700 miliardi entro la fine del 2027, cerchiamo di avere una strategia che punti a far crescere la nostra presenza in mercati non abbastanza esplorati fino ad oggi&#8221;. Lo ha detto il vicepremier [&hellip;]<\/p>\n","protected":false},"author":18,"featured_media":255940,"comment_status":"closed","ping_status":"closed","sticky":false,"template":"","format":"standard","meta":{"ub_ctt_via":"","_mi_skip_tracking":false},"categories":[446,4],"tags":[783],"featured_image_src":"https:\/\/www.messinaoggi.it\/website\/wp-content\/uploads\/2025\/12\/20251202_0844.jpg","author_info":{"display_name":"Admin","author_link":"https:\/\/www.messinaoggi.it\/website\/author\/admin\/"},"digistream_id":0,"digistream":false,"_links":{"self":[{"href":"https:\/\/www.messinaoggi.it\/website\/wp-json\/wp\/v2\/posts\/255939"}],"collection":[{"href":"https:\/\/www.messinaoggi.it\/website\/wp-json\/wp\/v2\/posts"}],"about":[{"href":"https:\/\/www.messinaoggi.it\/website\/wp-json\/wp\/v2\/types\/post"}],"author":[{"embeddable":true,"href":"https:\/\/www.messinaoggi.it\/website\/wp-json\/wp\/v2\/users\/18"}],"replies":[{"embeddable":true,"href":"https:\/\/www.messinaoggi.it\/website\/wp-json\/wp\/v2\/comments?post=255939"}],"version-history":[{"count":1,"href":"https:\/\/www.messinaoggi.it\/website\/wp-json\/wp\/v2\/posts\/255939\/revisions"}],"predecessor-version":[{"id":255975,"href":"https:\/\/www.messinaoggi.it\/website\/wp-json\/wp\/v2\/posts\/255939\/revisions\/255975"}],"wp:featuredmedia":[{"embeddable":true,"href":"https:\/\/www.messinaoggi.it\/website\/wp-json\/wp\/v2\/media\/255940"}],"wp:attachment":[{"href":"https:\/\/www.messinaoggi.it\/website\/wp-json\/wp\/v2\/media?parent=255939"}],"wp:term":[{"taxonomy":"category","embeddable":true,"href":"https:\/\/www.messinaoggi.it\/website\/wp-json\/wp\/v2\/categories?post=255939"},{"taxonomy":"post_tag","embeddable":true,"href":"https:\/\/www.messinaoggi.it\/website\/wp-json\/wp\/v2\/tags?post=255939"}],"curies":[{"name":"wp","href":"https:\/\/api.w.org\/{rel}","templated":true}]}}