{"id":255925,"date":"2025-12-02T12:06:41","date_gmt":"2025-12-02T11:06:41","guid":{"rendered":"https:\/\/www.messinaoggi.it\/website\/2025\/12\/02\/papa-leone-a-beirut-ascoltare-il-grido-dei-poveri\/"},"modified":"2025-12-02T12:06:41","modified_gmt":"2025-12-02T11:06:41","slug":"papa-leone-a-beirut-ascoltare-il-grido-dei-poveri","status":"publish","type":"post","link":"https:\/\/www.messinaoggi.it\/website\/2025\/12\/02\/papa-leone-a-beirut-ascoltare-il-grido-dei-poveri\/","title":{"rendered":"Papa Leone a Beirut \u201cAscoltare il grido dei poveri\u201d"},"content":{"rendered":"<div>BEIRUT (LIBANO) (ITALPRESS) &#8211; Ultima giornata libanese per Papa Leone che stamane sta facendo visita agli operatori e agli assistiti dell&#8217;ospedale De la Croix a Jal ed Dibl, uno dei pi\u00f9 grandi ospedali per disabili mentali del Medio Oriente, a circa 11 chilometri da Beirut. <br \/>&#8220;Non possiamo dimenticarci dei pi\u00f9 fragili, non possiamo immaginare una societ\u00e0 che corre a tutta velocit\u00e0, aggrappandosi ai falsi miti del benessere, ignorando tante situazioni di povert\u00e0 e di fragilit\u00e0&#8221;, ha detto il Papa nel saluto ad operatori e assistiti dell&#8217;ospedale de la Croix.<br \/>&#8220;In particolare &#8211; ha aggiunto &#8211; noi cristiani siamo chiamati a prenderci cura dei poveri, ce lo chiede i Vangelo e il grido dei poveri, che attraversa anche la Scrittura, ci interpella&#8221;. Rivolgendosi &#8220;ai fratelli segnati dalla malattia&#8221;, poi ha detto: &#8220;Siete nel cuore di Dio&#8221;.<br \/>&#8211; foto Ipa agency &#8211;<br \/>(ITALPRESS).<\/div>\n<div id=\"div-gpt-ad-Messinaoggi.it-DSK-300x250-corpoart\" style=\"text-align:center;margin:0 auto;\"><\/div><\/p><div id=\"videoincontent\" style=\"clear:both\";><\/div>","protected":false},"excerpt":{"rendered":"<p>BEIRUT (LIBANO) (ITALPRESS) &#8211; Ultima giornata libanese per Papa Leone che stamane sta facendo visita agli operatori e agli assistiti dell&#8217;ospedale De la Croix a Jal ed Dibl, uno dei pi\u00f9 grandi ospedali per disabili mentali del Medio Oriente, a circa 11 chilometri da Beirut. &#8220;Non possiamo dimenticarci dei pi\u00f9 fragili, non possiamo immaginare una [&hellip;]<\/p>\n","protected":false},"author":18,"featured_media":255926,"comment_status":"closed","ping_status":"closed","sticky":false,"template":"","format":"standard","meta":{"ub_ctt_via":"","_mi_skip_tracking":false},"categories":[446],"tags":[783],"featured_image_src":"https:\/\/www.messinaoggi.it\/website\/wp-content\/uploads\/2025\/12\/20251202_0070.jpg","author_info":{"display_name":"Admin","author_link":"https:\/\/www.messinaoggi.it\/website\/author\/admin\/"},"digistream_id":0,"digistream":false,"_links":{"self":[{"href":"https:\/\/www.messinaoggi.it\/website\/wp-json\/wp\/v2\/posts\/255925"}],"collection":[{"href":"https:\/\/www.messinaoggi.it\/website\/wp-json\/wp\/v2\/posts"}],"about":[{"href":"https:\/\/www.messinaoggi.it\/website\/wp-json\/wp\/v2\/types\/post"}],"author":[{"embeddable":true,"href":"https:\/\/www.messinaoggi.it\/website\/wp-json\/wp\/v2\/users\/18"}],"replies":[{"embeddable":true,"href":"https:\/\/www.messinaoggi.it\/website\/wp-json\/wp\/v2\/comments?post=255925"}],"version-history":[{"count":0,"href":"https:\/\/www.messinaoggi.it\/website\/wp-json\/wp\/v2\/posts\/255925\/revisions"}],"wp:featuredmedia":[{"embeddable":true,"href":"https:\/\/www.messinaoggi.it\/website\/wp-json\/wp\/v2\/media\/255926"}],"wp:attachment":[{"href":"https:\/\/www.messinaoggi.it\/website\/wp-json\/wp\/v2\/media?parent=255925"}],"wp:term":[{"taxonomy":"category","embeddable":true,"href":"https:\/\/www.messinaoggi.it\/website\/wp-json\/wp\/v2\/categories?post=255925"},{"taxonomy":"post_tag","embeddable":true,"href":"https:\/\/www.messinaoggi.it\/website\/wp-json\/wp\/v2\/tags?post=255925"}],"curies":[{"name":"wp","href":"https:\/\/api.w.org\/{rel}","templated":true}]}}