{"id":255900,"date":"2025-12-01T19:06:48","date_gmt":"2025-12-01T18:06:48","guid":{"rendered":"https:\/\/www.messinaoggi.it\/website\/2025\/12\/01\/province-calderoli-istituzione-intermedia-fondamentale-uscire-dal-limbo\/"},"modified":"2025-12-01T19:06:48","modified_gmt":"2025-12-01T18:06:48","slug":"province-calderoli-istituzione-intermedia-fondamentale-uscire-dal-limbo","status":"publish","type":"post","link":"https:\/\/www.messinaoggi.it\/website\/2025\/12\/01\/province-calderoli-istituzione-intermedia-fondamentale-uscire-dal-limbo\/","title":{"rendered":"Province, Calderoli \u201cIstituzione intermedia fondamentale, uscire dal limbo\u201d"},"content":{"rendered":"<div>LECCO (ITALPRESS) &#8211; &#8220;Le Province sono un&#8217;istituzione intermedia fondamentale per svolgere quelle funzioni che n\u00e8 i Comuni n\u00e8 le Regioni sono in grado di fare, ecco perch\u00e8 \u00e8 assolutamente necessario uscire dal limbo in cui si trovano ora. Ne ha parlato chiaramente e in pi\u00f9 occasioni anche il Presidente della Repubblica, con parole che condivido totalmente, e sto lavorando proprio per questo fin dall&#8217;inizio di questo Governo&#8221;. Lo ha detto il ministro per gli Affari Regionali e le Autonomie Roberto Calderoli, nel corso del convegno sul tema &#8220;La Provincia ieri, oggi e domani&#8221;, che si \u00e8 svolto a Lecco in occasione del 30\u00b0 anniversario della Provincia.<br \/>&#8220;Ho ricevuto mandato dal Presidente del Consiglio Meloni di trovare un&#8217;intesa anche oltre i confini della maggioranza, e nel luglio 2023 ce l&#8217;avevo fatta &#8211; ha proseguito -. Tranne i 5 Stelle, erano tutti d&#8217;accordo sul testo Pirovano con alcune modifiche condivise. L\u00ec siamo rimasti, e il tempo \u00e8 passato inesorabilmente. Io sono assolutamente convinto della loro importanza e non moller\u00f2 fino alla fine, conto di parlarne nuovamente con il Presidente Meloni, che spero di convincere entro la fine della legislatura. Basta percorrere in auto le strade provinciali attuali per capire quanto sia necessario reintrodurre le Province, superando la legge Delrio ormai sconfessata praticamente da tutti. Non \u00e8 una questione di &#8216;poltronifici\u00f2 ma di avere un ente pubblico nel pieno delle sue funzioni e che possa garantire servizi essenziali alla vita quotidiana dei cittadini&#8221;, ha concluso Calderoli.<div id=\"div-gpt-ad-Messinaoggi.it-DSK-300x250-corpoart\" style=\"text-align:center;margin:0 auto;\"><\/div><\/p>\n<p>&#8211; Foto IPA Agency &#8211;<div id=\"videoincontent\" style=\"clear:both\";><\/div><\/p>\n<p>(ITALPRESS).<\/p><\/div>\n","protected":false},"excerpt":{"rendered":"<p>LECCO (ITALPRESS) &#8211; &#8220;Le Province sono un&#8217;istituzione intermedia fondamentale per svolgere quelle funzioni che n\u00e8 i Comuni n\u00e8 le Regioni sono in grado di fare, ecco perch\u00e8 \u00e8 assolutamente necessario uscire dal limbo in cui si trovano ora. Ne ha parlato chiaramente e in pi\u00f9 occasioni anche il Presidente della Repubblica, con parole che condivido [&hellip;]<\/p>\n","protected":false},"author":18,"featured_media":255901,"comment_status":"closed","ping_status":"closed","sticky":false,"template":"","format":"standard","meta":{"ub_ctt_via":"","_mi_skip_tracking":false},"categories":[446],"tags":[783],"featured_image_src":"https:\/\/www.messinaoggi.it\/website\/wp-content\/uploads\/2025\/12\/20251201_2691.jpg","author_info":{"display_name":"Admin","author_link":"https:\/\/www.messinaoggi.it\/website\/author\/admin\/"},"digistream_id":0,"digistream":false,"_links":{"self":[{"href":"https:\/\/www.messinaoggi.it\/website\/wp-json\/wp\/v2\/posts\/255900"}],"collection":[{"href":"https:\/\/www.messinaoggi.it\/website\/wp-json\/wp\/v2\/posts"}],"about":[{"href":"https:\/\/www.messinaoggi.it\/website\/wp-json\/wp\/v2\/types\/post"}],"author":[{"embeddable":true,"href":"https:\/\/www.messinaoggi.it\/website\/wp-json\/wp\/v2\/users\/18"}],"replies":[{"embeddable":true,"href":"https:\/\/www.messinaoggi.it\/website\/wp-json\/wp\/v2\/comments?post=255900"}],"version-history":[{"count":0,"href":"https:\/\/www.messinaoggi.it\/website\/wp-json\/wp\/v2\/posts\/255900\/revisions"}],"wp:featuredmedia":[{"embeddable":true,"href":"https:\/\/www.messinaoggi.it\/website\/wp-json\/wp\/v2\/media\/255901"}],"wp:attachment":[{"href":"https:\/\/www.messinaoggi.it\/website\/wp-json\/wp\/v2\/media?parent=255900"}],"wp:term":[{"taxonomy":"category","embeddable":true,"href":"https:\/\/www.messinaoggi.it\/website\/wp-json\/wp\/v2\/categories?post=255900"},{"taxonomy":"post_tag","embeddable":true,"href":"https:\/\/www.messinaoggi.it\/website\/wp-json\/wp\/v2\/tags?post=255900"}],"curies":[{"name":"wp","href":"https:\/\/api.w.org\/{rel}","templated":true}]}}