{"id":25590,"date":"2018-10-16T20:35:15","date_gmt":"2018-10-16T18:35:15","guid":{"rendered":"http:\/\/www.messinaoggi.it\/website\/?p=25590"},"modified":"2018-10-16T20:35:15","modified_gmt":"2018-10-16T18:35:15","slug":"tripodi-uil-lammazza-messina-e-pura-macelleria-sociale","status":"publish","type":"post","link":"https:\/\/www.messinaoggi.it\/website\/2018\/10\/16\/tripodi-uil-lammazza-messina-e-pura-macelleria-sociale\/","title":{"rendered":"Tripodi (Uil): &quot;L&#039;ammazza Messina \u00e8 pura macelleria sociale&quot;"},"content":{"rendered":"<p style=\"text-align: justify;\">\u201cL\u2019approvazione, da parte del Consiglio comunale, del piano \u201cAmmazza Messina\u201d proposto dal sindaco De Luca \u00e8 una pessima notizia per i lavoratori, per la societ\u00e0 messinese e per il futuro della nostra citt\u00e0. Infatti, nonostante le modifiche apportate da alcuni emendamenti, la cornice economico-finanziaria del testo approvato dall\u2019aula rappresenta, sic et simpliciter, la realizzazione della paventata\u00a0macelleria sociale che colpir\u00e0 una vastit\u00e0 di lavoratori messinesi, vale a dire: i dipendenti di Atm, MessinaSerivizi e Amam, i lavoratori comunali, le maestranze dei servizi sociali e i lavoratori impegnati nei servizi esternalizzati. Si tratta di centinaia e centinaia di persone, donne ed uomini in carne ed ossa, che con le loro famiglie perderanno quelle poche certezze occupazionali e un modesto\u00a0reddito\u201d lo ha\u00a0dichiarato Ivan Tripodi, Segretario generale Uil Messina.<div id=\"div-gpt-ad-Messinaoggi.it-DSK-300x250-corpoart\" style=\"text-align:center;margin:0 auto;\"><\/div><\/p>\n<p style=\"text-align: justify;\">\u201cNon si tratta di\u00a0allarmistiche valutazioni di parte,\u00a0saranno, al contrario, le\u00a0inevitabili conseguenze dei tagli previsti dal piano \u201cAmmazza Messina\u201d. Rispetto a questo nefasto disegno che colpisce la gi\u00e0 fragilissima economia cittadina, confermiamo, confortati anche da un\u2019enorme solidariet\u00e0 ricevuta a seguito delle dichiarazioni diffamatorie di De Luca,\u00a0la linea di difesa del mondo del lavoro e dei lavoratori e lo stato di mobilitazione cittadina che culminer\u00e0 con una grande manifestazione e lo sciopero generale delle partecipate per ribadire un chiaro e forte NO alla macelleria sociale voluta dal sindaco De Luca e votata dal Consiglio comunale, NO alla chiusura e privatizzazione delle societ\u00e0 partecipate, NO alla cancellazione dei servizi sociali cittadini e NO alla volgare criminalizzazione dei dipendenti comunali, dei lavoratori delle partecipate e degli operatori dei servizi sociali\u201d ha\u00a0proseguito il segretario della\u00a0Uil.<div id=\"videoincontent\" style=\"clear:both\";><\/div><\/p>\n<p style=\"text-align: justify;\">\u201cInfine, al pluri-indagato sindaco De Luca ribadiamo che le sue minacce ed intimidazioni, sul merito delle quali risponder\u00e0\u00a0nelle sedi competenti, non\u00a0ci spaventano e ci convincono che siamo dalla parte\u00a0giusta. A nostro avviso, la difesa della dignit\u00e0 del lavoro e dei lavoratori rappresenta un limite invalicabile che non permette deroghe o ammiccamenti di alcun tipo. Pertanto, proseguiremo con maggiore impegno per contrastare le conseguenze che deriveranno dal piano \u201cAmmazza Messina\u201c ha\u00a0concluso Ivan Tripodi, Segretario generale Uil Messina.<\/p>\n","protected":false},"excerpt":{"rendered":"<p>\u201cL\u2019approvazione, da parte del Consiglio comunale, del piano \u201cAmmazza Messina\u201d proposto dal sindaco De Luca \u00e8 una pessima notizia per i lavoratori, per la societ\u00e0 messinese e per il futuro della nostra citt\u00e0. Infatti, nonostante le modifiche apportate da alcuni emendamenti, la cornice economico-finanziaria del testo approvato dall\u2019aula rappresenta, sic et simpliciter, la realizzazione della [&hellip;]<\/p>\n","protected":false},"author":2,"featured_media":8386,"comment_status":"closed","ping_status":"open","sticky":false,"template":"","format":"standard","meta":{"ub_ctt_via":"","_mi_skip_tracking":false},"categories":[19,4],"tags":[],"featured_image_src":"https:\/\/www.messinaoggi.it\/website\/wp-content\/uploads\/2017\/09\/ivan-tripodi-uilRRP_8325-2.jpg","author_info":{"display_name":"Redazione","author_link":"https:\/\/www.messinaoggi.it\/website\/author\/redazione\/"},"digistream_id":0,"digistream":false,"_links":{"self":[{"href":"https:\/\/www.messinaoggi.it\/website\/wp-json\/wp\/v2\/posts\/25590"}],"collection":[{"href":"https:\/\/www.messinaoggi.it\/website\/wp-json\/wp\/v2\/posts"}],"about":[{"href":"https:\/\/www.messinaoggi.it\/website\/wp-json\/wp\/v2\/types\/post"}],"author":[{"embeddable":true,"href":"https:\/\/www.messinaoggi.it\/website\/wp-json\/wp\/v2\/users\/2"}],"replies":[{"embeddable":true,"href":"https:\/\/www.messinaoggi.it\/website\/wp-json\/wp\/v2\/comments?post=25590"}],"version-history":[{"count":0,"href":"https:\/\/www.messinaoggi.it\/website\/wp-json\/wp\/v2\/posts\/25590\/revisions"}],"wp:featuredmedia":[{"embeddable":true,"href":"https:\/\/www.messinaoggi.it\/website\/wp-json\/wp\/v2\/media\/8386"}],"wp:attachment":[{"href":"https:\/\/www.messinaoggi.it\/website\/wp-json\/wp\/v2\/media?parent=25590"}],"wp:term":[{"taxonomy":"category","embeddable":true,"href":"https:\/\/www.messinaoggi.it\/website\/wp-json\/wp\/v2\/categories?post=25590"},{"taxonomy":"post_tag","embeddable":true,"href":"https:\/\/www.messinaoggi.it\/website\/wp-json\/wp\/v2\/tags?post=25590"}],"curies":[{"name":"wp","href":"https:\/\/api.w.org\/{rel}","templated":true}]}}