{"id":255896,"date":"2025-12-01T19:06:45","date_gmt":"2025-12-01T18:06:45","guid":{"rendered":"https:\/\/www.messinaoggi.it\/website\/2025\/12\/01\/spalletti-juve-deve-essere-bella-e-vincente-ma-vlahovic-ko-2-3-mesi\/"},"modified":"2025-12-01T19:06:45","modified_gmt":"2025-12-01T18:06:45","slug":"spalletti-juve-deve-essere-bella-e-vincente-ma-vlahovic-ko-2-3-mesi","status":"publish","type":"post","link":"https:\/\/www.messinaoggi.it\/website\/2025\/12\/01\/spalletti-juve-deve-essere-bella-e-vincente-ma-vlahovic-ko-2-3-mesi\/","title":{"rendered":"Spalletti \u201cJuve deve essere bella e vincente\u201d, ma Vlahovic ko 2-3 mesi"},"content":{"rendered":"<div>TORINO (ITALPRESS) &#8211;<em> &#8220;Bisogna essere belli e vincenti. Soprattutto belli perch\u00e8 qui c&#8217;\u00e8 un pubblico dal palato fine. Vincere non basta, c&#8217;\u00e8 questa esigenza di giocare bene ed essere belli, cercheremo di fare tutte e due le cose. Intanto vinciamo le partite, poi proveremo ad aggiungere qualcos&#8217;altro&#8221;.<\/em> E&#8217; questa la <strong>Juve<\/strong> su cui Luciano <strong>Spalletti<\/strong> sta lavorando e che domani inizier\u00e0 il suo cammino in <strong>Coppa Italia<\/strong>, ospitando allo Stadium l&#8217;<strong>Udinese<\/strong> negli ottavi. <em>&#8220;Bisogna aspettarsi dei cambi, sabato abbiamo fatto fatica a livello sia mentale che fisico e siccome tutto il gruppo sta lavorando in maniera corretta, \u00e8 giusto dare spazio ad altri. Per domani faremo per\u00f2 una formazione per vincere una partita che sar\u00e0 difficile, contro un avversario che poche settimane fa qui ha avuto anche la possibilit\u00e0 di pareggiare&#8221;. Testa dunque solo all&#8217;Udinese e guai a pensare al big match di domenica a Napoli. &#8220;In questo momento sono tutti test significativi e dobbiamo pensare a questa, perch\u00e8 ci darebbe qualche certezza in pi\u00f9 per affrontare le prossime&#8221;, avverte il tecnico bianconero, soddisfatto per\u00f2 dei segnali di crescita. &#8220;Si sta progredendo, i ragazzi ascoltano volentieri. Contro il Cagliari le ho viste 2-3 belle cose: in occasione del secondo gol di Yildiz la palla si \u00e8 mossa bene. Ci siamo preparati delle situazioni importanti, poi nel finale ci \u00e8 venuta un p\u00f2 d&#8217;ansia, sembrava che non volessimo la palla, e bisogna lavorare per migliorare. C&#8217;\u00e8 grandissima disponibilit\u00e0, attenzione, vedo girare meglio la palla. Sono molto fiducioso di poter trovare delle soluzioni, perch\u00e8 il previsto diventi imprevisto&#8221;.<\/em><div id=\"div-gpt-ad-Messinaoggi.it-DSK-300x250-corpoart\" style=\"text-align:center;margin:0 auto;\"><\/div><\/p>\n<p>Domani mancher\u00e0 Perin, anche se sulle gerarchie in porta Spalletti precisa che <em>&#8220;per me Di Gregorio \u00e8 il titolare. Perin \u00e8 importante anche come uomo spogliatoio, \u00e8 un influencer nello spogliatoio, lo seguono, e mi piace avere un Mattia collaboratore in questa maniera qui&#8221;.<\/em> Ma soprattutto non ci sar\u00e0 Dusan Vlahovic, atteso da un lungo stop per una lesione di alto grado della giunzione muscolo-tendinea dell&#8217;adduttore lungo di sinistra.<em> &#8220;Secondo me 2-3 mesi passano, poi il medico sapr\u00e0 essere pi\u00f9 preciso. Il calcio \u00e8 un pallone che gira e nel suo rotolarsi mette a disposizione occasioni. Tutto sta nel saperle cogliere ma avrei preferito averlo a disposizione, era concentrato nel far bene, era molto dentro la squadra&#8221;.<\/em> Spalletti non esclude anche l&#8217;impiego di Yildiz come centravanti:<em> &#8220;Per giocatori di quella qualit\u00e0, se li avvicini al pollaio, diventa pi\u00f9 facile metterli nelle condizioni di tirare in porta, buttano via meno roba&#8221;.<\/em><div id=\"videoincontent\" style=\"clear:both\";><\/div><\/p>\n<p>&#8211; foto Ipa Agency &#8211;<\/p>\n<p>(ITALPRESS).<\/p><\/div>\n","protected":false},"excerpt":{"rendered":"<p>TORINO (ITALPRESS) &#8211; &#8220;Bisogna essere belli e vincenti. Soprattutto belli perch\u00e8 qui c&#8217;\u00e8 un pubblico dal palato fine. Vincere non basta, c&#8217;\u00e8 questa esigenza di giocare bene ed essere belli, cercheremo di fare tutte e due le cose. Intanto vinciamo le partite, poi proveremo ad aggiungere qualcos&#8217;altro&#8221;. E&#8217; questa la Juve su cui Luciano Spalletti [&hellip;]<\/p>\n","protected":false},"author":18,"featured_media":255897,"comment_status":"closed","ping_status":"closed","sticky":false,"template":"","format":"standard","meta":{"ub_ctt_via":"","_mi_skip_tracking":false},"categories":[446],"tags":[783],"featured_image_src":"https:\/\/www.messinaoggi.it\/website\/wp-content\/uploads\/2025\/12\/20251201_2413.jpg","author_info":{"display_name":"Admin","author_link":"https:\/\/www.messinaoggi.it\/website\/author\/admin\/"},"digistream_id":0,"digistream":false,"_links":{"self":[{"href":"https:\/\/www.messinaoggi.it\/website\/wp-json\/wp\/v2\/posts\/255896"}],"collection":[{"href":"https:\/\/www.messinaoggi.it\/website\/wp-json\/wp\/v2\/posts"}],"about":[{"href":"https:\/\/www.messinaoggi.it\/website\/wp-json\/wp\/v2\/types\/post"}],"author":[{"embeddable":true,"href":"https:\/\/www.messinaoggi.it\/website\/wp-json\/wp\/v2\/users\/18"}],"replies":[{"embeddable":true,"href":"https:\/\/www.messinaoggi.it\/website\/wp-json\/wp\/v2\/comments?post=255896"}],"version-history":[{"count":0,"href":"https:\/\/www.messinaoggi.it\/website\/wp-json\/wp\/v2\/posts\/255896\/revisions"}],"wp:featuredmedia":[{"embeddable":true,"href":"https:\/\/www.messinaoggi.it\/website\/wp-json\/wp\/v2\/media\/255897"}],"wp:attachment":[{"href":"https:\/\/www.messinaoggi.it\/website\/wp-json\/wp\/v2\/media?parent=255896"}],"wp:term":[{"taxonomy":"category","embeddable":true,"href":"https:\/\/www.messinaoggi.it\/website\/wp-json\/wp\/v2\/categories?post=255896"},{"taxonomy":"post_tag","embeddable":true,"href":"https:\/\/www.messinaoggi.it\/website\/wp-json\/wp\/v2\/tags?post=255896"}],"curies":[{"name":"wp","href":"https:\/\/api.w.org\/{rel}","templated":true}]}}