{"id":255888,"date":"2025-12-01T15:06:44","date_gmt":"2025-12-01T14:06:44","guid":{"rendered":"https:\/\/www.messinaoggi.it\/website\/2025\/12\/01\/energia-pichetto-domanda-in-aumento-sfruttare-le-tecnologie-con-mente-aperta\/"},"modified":"2025-12-01T15:06:44","modified_gmt":"2025-12-01T14:06:44","slug":"energia-pichetto-domanda-in-aumento-sfruttare-le-tecnologie-con-mente-aperta","status":"publish","type":"post","link":"https:\/\/www.messinaoggi.it\/website\/2025\/12\/01\/energia-pichetto-domanda-in-aumento-sfruttare-le-tecnologie-con-mente-aperta\/","title":{"rendered":"Energia, Pichetto \u201cDomanda in aumento, sfruttare le tecnologie con mente aperta\u201d"},"content":{"rendered":"<div>ROMA (ITALPRESS) &#8211; &#8220;Non sono solo le sfide dei nuovi equilibri internazionali a rendere oggi pi\u00f9 difficile il compito di garantire la sicurezza energetica. Vi \u00e8 anche un altro elemento sempre pi\u00f9 pesante e ineludibile: la confermata prospettiva di una forte crescita della domanda di energia che, anche per la diffusione dell&#8217;intelligenza artificiale, ci impone di giocare questa partita con tutte le tecnologie che la scienza ci mette a disposizione e con mente aperta anche alle tecnologie che la ricerca ci potr\u00e0 mettere a disposizione nel futuro&#8221;. Lo afferma il ministro dell&#8217;Ambiente e della sicurezza energetica, Gilberto Pichetto Fratin, alla XXI edizione del Foro di Dialogo Italia &#8211; Spagna.<br \/>&#8220;Per l&#8217;Italia in questi ultimi anni il tema della sicurezza degli approvvigionamenti ha assunto una rilevanza determinante ponendo l&#8217;esigenza di diversificare rotte e fonti. Stiamo perci\u00f2 investendo sia in nuove infrastrutture sia nello sviluppo di produzioni interne che riducano la dipendenza dalle importazioni: quindi fonti rinnovabili e, in prospettiva, nucleare &#8211; prosegue -. Dopo l&#8217;azzeramento delle forniture dalla Russia, con il riorientamento degli approvvigionamenti via tubo (Africa e Azerbaigian) e con l&#8217;aumento di GNL, stiamo lavorando sulle infrastrutture, potenziando la capacit\u00e0 di rigassificazione con due nuove unit\u00e0 (Piombino e Ravenna) e rafforzando la linea di trasporto gas adriatica, anche per consolidare il ruolo dell&#8217;Italia come hub energetico nel Mediterraneo allargato&#8221;.<br \/>&#8220;Su questo vorrei fare un richiamo diretto alle negoziazioni in corso a Bruxelles nel cosiddetto trilogo (Consiglio, Commissione e Parlamento) sul Regolamento europeo RepowerEU: dobbiamo raggiungere l&#8217;obiettivo di eliminazione gas e GNL russo in Europa; al tempo stesso dobbiamo evitare che, per gas e GNL non russo, si creino eccessivi oneri amministrativi e di controllo che potrebbero inficiare liquidit\u00e0 e funzionamento del mercato del GNL con impatti sulla sicurezza energetica e sui prezzi dell&#8217;energia &#8211; sottolinea Pichetto Fratin -. La diversificazione delle fonti e il conseguente incremento della sicurezza passano anche dagli investimenti nelle interconnessioni. E su questo tengo a sottolineare -visto che oggi parliamo della collaborazione tra Italia e Spagna- che i nostri due Paesi stanno attivamente collaborando nei tavoli di lavoro europei. Mi riferisco alla nuova lista dei progetti di interesse comune del Regolamento per Reti Trans europee per l&#8217;Energia TEN-E nonch\u00e8 al negoziato in corso sulla nuova proposta di Regolamento del Meccanismo per Collegare l&#8217;Europa (CEF energia). In questo ci aiuter\u00e0 l&#8217;incremento di risorse europee per il prossimo settennato e ci auguriamo sia sostenuta la proposta spagnola di inserire nell&#8217;articolato un riferimento alla necessit\u00e0 di supportare le azioni per integrare il mercato interno dell&#8217;energia, porre fine all&#8217;isolamento energetico ed eliminare i colli di bottiglia&#8221;.<br \/>&#8220;Inoltre la Commissione sta per adottare il nuovo Pacchetto Europeo sulle Reti, che comporter\u00e0 la revisione del Regolamento TEN-E, per un mercato energetico connesso ed integrato. Per aumentare accessibilit\u00e0, sostenibilit\u00e0 e sicurezza energetica, dobbiamo sfruttare tutte le tecnologie e le catene di approvvigionamento a zero emissioni nette e a basse emissioni di carbonio, comprese energie rinnovabili, efficienza energetica, carburanti sostenibili, idrogeno e CCS &#8211; spiega ancora il ministro -. Tutto ci\u00f2 dobbiamo farlo per avere pi\u00f9 energia disponibile e avere energia pi\u00f9 sicura e pulita. Ma lo dobbiamo fare anche per avere energia a prezzi pi\u00f9 sostenibili per le famiglie e per le imprese. Nella accezione sviluppata in ambito IEA e G7, sicurezza energetica non significa solo approvvigionamento, ma anche che l&#8217;energia sia garantita a costi accessibili a imprese e famiglie. Sulle fonti rinnovabili che si producono in autonomia la Spagna \u00e8 avanti, anche grazie ad una geografia pi\u00f9 favorevole. Ma anche noi stiamo facendo importanti passi avanti con i nostri programmi di incentivazione. Stiamo finanziando le Comunit\u00e0 Energetiche e favorendo investimenti in fonti rinnovabili delle imprese energivore con il programma Energy Release. Stiamo incentivando lo sviluppo delle fonti rinnovabili attraverso lo schema cosiddetto FERX, che riguarda le fonti rinnovabili che hanno raggiunto un livello di maturit\u00e0 sul mercato e che solo per quest&#8217;anno dovrebbe favorire l&#8217;installazione di ben 18 GW di capacit\u00e0 nuova o ripotenziata&#8221;.<br \/>&#8220;Dobbiamo per\u00f2 preoccuparci anche del rischio delle dipendenze dai fornitori di tecnologie e di materie prime critiche. Anche in questo Italia e Spagna sono insieme impegnate in Europa a sviluppare filiere autonome. E tengo a ricordare che l&#8217;Italia \u00e8 stato il primo paese a riservare, nel FERX, una quota significativa delle incentivazioni a progetti che utilizzano tecnologie non provenienti dai paesi le cui imprese sono gi\u00e0 dominanti sui mercati UE &#8211; conclude Pichetto Fratin -. Vorrei chiudere con un riferimento al futuro e quindi al piano che l&#8217;Italia ha messo in cantiere con quel richiamato approccio basato su scienza, neutralit\u00e0 tecnologica e sull&#8217;obiettivo di una energia accessibile, pulita e sostenibile. Sono orgoglioso che il governo, dall&#8217;ultima volta che ci siano riuniti a Barcellona, abbia raggiunto l&#8217;obiettivo -un tempo impensabile- di definire e sottoporre al Parlamento un quadro normativo che offra all&#8217;Italia un&#8217;opzione cruciale rispetto al progressivo aumento della domanda energetica.  Sto parlando del disegno di legge delega in materia di energia nucleare sostenibile approvato il 2 ottobre che conferma la visione di un Governo che pensa a famiglie e imprese, affrontando l&#8217;emergenza ma anche pianificando il futuro&#8221;.<div id=\"div-gpt-ad-Messinaoggi.it-DSK-300x250-corpoart\" style=\"text-align:center;margin:0 auto;\"><\/div><\/p>\n<p>&#8211; Foto ufficio stampa Ministero dell&#8217;Ambiente e della Sicurezza Energetica &#8211;<div id=\"videoincontent\" style=\"clear:both\";><\/div><\/p>\n<p>(ITALPRESS).<\/p><\/div>\n","protected":false},"excerpt":{"rendered":"<p>ROMA (ITALPRESS) &#8211; &#8220;Non sono solo le sfide dei nuovi equilibri internazionali a rendere oggi pi\u00f9 difficile il compito di garantire la sicurezza energetica. Vi \u00e8 anche un altro elemento sempre pi\u00f9 pesante e ineludibile: la confermata prospettiva di una forte crescita della domanda di energia che, anche per la diffusione dell&#8217;intelligenza artificiale, ci impone [&hellip;]<\/p>\n","protected":false},"author":18,"featured_media":255889,"comment_status":"closed","ping_status":"closed","sticky":false,"template":"","format":"standard","meta":{"ub_ctt_via":"","_mi_skip_tracking":false},"categories":[446],"tags":[783],"featured_image_src":"https:\/\/www.messinaoggi.it\/website\/wp-content\/uploads\/2025\/12\/20251201_1307.jpg","author_info":{"display_name":"Admin","author_link":"https:\/\/www.messinaoggi.it\/website\/author\/admin\/"},"digistream_id":0,"digistream":false,"_links":{"self":[{"href":"https:\/\/www.messinaoggi.it\/website\/wp-json\/wp\/v2\/posts\/255888"}],"collection":[{"href":"https:\/\/www.messinaoggi.it\/website\/wp-json\/wp\/v2\/posts"}],"about":[{"href":"https:\/\/www.messinaoggi.it\/website\/wp-json\/wp\/v2\/types\/post"}],"author":[{"embeddable":true,"href":"https:\/\/www.messinaoggi.it\/website\/wp-json\/wp\/v2\/users\/18"}],"replies":[{"embeddable":true,"href":"https:\/\/www.messinaoggi.it\/website\/wp-json\/wp\/v2\/comments?post=255888"}],"version-history":[{"count":0,"href":"https:\/\/www.messinaoggi.it\/website\/wp-json\/wp\/v2\/posts\/255888\/revisions"}],"wp:featuredmedia":[{"embeddable":true,"href":"https:\/\/www.messinaoggi.it\/website\/wp-json\/wp\/v2\/media\/255889"}],"wp:attachment":[{"href":"https:\/\/www.messinaoggi.it\/website\/wp-json\/wp\/v2\/media?parent=255888"}],"wp:term":[{"taxonomy":"category","embeddable":true,"href":"https:\/\/www.messinaoggi.it\/website\/wp-json\/wp\/v2\/categories?post=255888"},{"taxonomy":"post_tag","embeddable":true,"href":"https:\/\/www.messinaoggi.it\/website\/wp-json\/wp\/v2\/tags?post=255888"}],"curies":[{"name":"wp","href":"https:\/\/api.w.org\/{rel}","templated":true}]}}