{"id":255854,"date":"2025-12-01T13:06:41","date_gmt":"2025-12-01T12:06:41","guid":{"rendered":"https:\/\/www.messinaoggi.it\/website\/2025\/12\/01\/ucraina-tajani-anche-putin-ha-interesse-a-fare-marcia-indietro\/"},"modified":"2025-12-01T13:06:41","modified_gmt":"2025-12-01T12:06:41","slug":"ucraina-tajani-anche-putin-ha-interesse-a-fare-marcia-indietro","status":"publish","type":"post","link":"https:\/\/www.messinaoggi.it\/website\/2025\/12\/01\/ucraina-tajani-anche-putin-ha-interesse-a-fare-marcia-indietro\/","title":{"rendered":"Ucraina, Tajani \u201cAnche Putin ha interesse a fare marcia indietro\u201d"},"content":{"rendered":"<div>ROMA (ITALPRESS) &#8211; &#8220;Putin non vuole che l&#8217;Ucraina faccia parte della Nato, non vuole la presenza di militari occidentali in Ucraina: si sta arrivando anche alla limitazione sul numero dei militari dell&#8217;esercito ucraino. La trattativa \u00e8 in corso, non \u00e8 facilissima per\u00f2 qualche passo in avanti si fa, voglio essere ottimista&#8221;. Cos\u00ec il vicepremier e ministro degli Esteri, Antonio Tajani, a &#8220;Mattino Cinque&#8221; su Canale 5. &#8220;Alla fine sar\u00e0 anche interesse di Putin chiudere&#8221;, visti &#8220;i tempi che sono necessari a riavviare una marcia indietro della politica industriale&#8221; dalla Russia: &#8220;oggi tutta l&#8217;industria russa \u00e8 un&#8217;industria della difesa, quindi avr\u00e0 anche dei problemi economici a fare marcia indietro&#8221;.<div id=\"div-gpt-ad-Messinaoggi.it-DSK-300x250-corpoart\" style=\"text-align:center;margin:0 auto;\"><\/div><\/p>\n<p>&#8211; foto Ipa Agency &#8211;<br \/>(ITALPRESS).<\/div>\n<div id=\"videoincontent\" style=\"clear:both\";><\/div>","protected":false},"excerpt":{"rendered":"<p>ROMA (ITALPRESS) &#8211; &#8220;Putin non vuole che l&#8217;Ucraina faccia parte della Nato, non vuole la presenza di militari occidentali in Ucraina: si sta arrivando anche alla limitazione sul numero dei militari dell&#8217;esercito ucraino. La trattativa \u00e8 in corso, non \u00e8 facilissima per\u00f2 qualche passo in avanti si fa, voglio essere ottimista&#8221;. Cos\u00ec il vicepremier e [&hellip;]<\/p>\n","protected":false},"author":18,"featured_media":255855,"comment_status":"closed","ping_status":"closed","sticky":false,"template":"","format":"standard","meta":{"ub_ctt_via":"","_mi_skip_tracking":false},"categories":[446],"tags":[783],"featured_image_src":"https:\/\/www.messinaoggi.it\/website\/wp-content\/uploads\/2025\/12\/20251201_0693.jpg","author_info":{"display_name":"Admin","author_link":"https:\/\/www.messinaoggi.it\/website\/author\/admin\/"},"digistream_id":0,"digistream":false,"_links":{"self":[{"href":"https:\/\/www.messinaoggi.it\/website\/wp-json\/wp\/v2\/posts\/255854"}],"collection":[{"href":"https:\/\/www.messinaoggi.it\/website\/wp-json\/wp\/v2\/posts"}],"about":[{"href":"https:\/\/www.messinaoggi.it\/website\/wp-json\/wp\/v2\/types\/post"}],"author":[{"embeddable":true,"href":"https:\/\/www.messinaoggi.it\/website\/wp-json\/wp\/v2\/users\/18"}],"replies":[{"embeddable":true,"href":"https:\/\/www.messinaoggi.it\/website\/wp-json\/wp\/v2\/comments?post=255854"}],"version-history":[{"count":0,"href":"https:\/\/www.messinaoggi.it\/website\/wp-json\/wp\/v2\/posts\/255854\/revisions"}],"wp:featuredmedia":[{"embeddable":true,"href":"https:\/\/www.messinaoggi.it\/website\/wp-json\/wp\/v2\/media\/255855"}],"wp:attachment":[{"href":"https:\/\/www.messinaoggi.it\/website\/wp-json\/wp\/v2\/media?parent=255854"}],"wp:term":[{"taxonomy":"category","embeddable":true,"href":"https:\/\/www.messinaoggi.it\/website\/wp-json\/wp\/v2\/categories?post=255854"},{"taxonomy":"post_tag","embeddable":true,"href":"https:\/\/www.messinaoggi.it\/website\/wp-json\/wp\/v2\/tags?post=255854"}],"curies":[{"name":"wp","href":"https:\/\/api.w.org\/{rel}","templated":true}]}}