{"id":255729,"date":"2025-11-28T00:06:44","date_gmt":"2025-11-27T23:06:44","guid":{"rendered":"https:\/\/www.messinaoggi.it\/website\/2025\/11\/27\/atreju-meloni-disponibile-a-confronto-unico-con-schlein-e-conte\/"},"modified":"2025-11-28T10:11:38","modified_gmt":"2025-11-28T09:11:38","slug":"atreju-meloni-disponibile-a-confronto-unico-con-schlein-e-conte","status":"publish","type":"post","link":"https:\/\/www.messinaoggi.it\/website\/2025\/11\/28\/atreju-meloni-disponibile-a-confronto-unico-con-schlein-e-conte\/","title":{"rendered":"Atreju, Meloni \u201cDisponibile a confronto unico con Schlein e Conte\u201d"},"content":{"rendered":"<div>ROMA (ITALPRESS) &#8211; &#8220;Leggo che Elly Schlein avrebbe finalmente accettato l&#8217;invito di Fratelli d&#8217;Italia a partecipare ad Atreju, ma solo in caso di un confronto diretto con me. Atreju \u00e8 sempre stata una casa aperta al dialogo, anche con chi la pensa diversamente. Sono quindi pronta a confrontarmi con l&#8217;opposizione. Ma ritengo che al confronto debba partecipare anche Giuseppe Conte. Per due ragioni: la prima \u00e8 che Giuseppe Conte, a differenza di Elly Schlein, anche negli anni passati \u00e8 venuto ad Atreju senza imporre alcun vincolo. Lo ha fatto anche da Presidente del Consiglio. La seconda \u00e8 che non spetta a me stabilire chi debba essere il leader dell&#8217;opposizione, quando il campo avverso non ne ha ancora scelto uno. Da parte mia, quindi, sono disponibile a un confronto unico con entrambi&#8221;. Cos\u00ec su Facebook il presidente del Consiglio Giorgia Meloni.<div id=\"div-gpt-ad-Messinaoggi.it-DSK-300x250-corpoart\" style=\"text-align:center;margin:0 auto;\"><\/div><\/p>\n<p>&#8211; Foto IPA Agency &#8211;<div id=\"videoincontent\" style=\"clear:both\";><\/div><\/p>\n<p>(ITALPRESS).<\/p><\/div>\n","protected":false},"excerpt":{"rendered":"<p>ROMA (ITALPRESS) &#8211; &#8220;Leggo che Elly Schlein avrebbe finalmente accettato l&#8217;invito di Fratelli d&#8217;Italia a partecipare ad Atreju, ma solo in caso di un confronto diretto con me. Atreju \u00e8 sempre stata una casa aperta al dialogo, anche con chi la pensa diversamente. Sono quindi pronta a confrontarmi con l&#8217;opposizione. Ma ritengo che al confronto [&hellip;]<\/p>\n","protected":false},"author":18,"featured_media":255730,"comment_status":"closed","ping_status":"closed","sticky":false,"template":"","format":"standard","meta":{"ub_ctt_via":"","_mi_skip_tracking":false},"categories":[446,4],"tags":[783],"featured_image_src":"https:\/\/www.messinaoggi.it\/website\/wp-content\/uploads\/2025\/11\/20251127_2785.jpg","author_info":{"display_name":"Admin","author_link":"https:\/\/www.messinaoggi.it\/website\/author\/admin\/"},"digistream_id":0,"digistream":false,"_links":{"self":[{"href":"https:\/\/www.messinaoggi.it\/website\/wp-json\/wp\/v2\/posts\/255729"}],"collection":[{"href":"https:\/\/www.messinaoggi.it\/website\/wp-json\/wp\/v2\/posts"}],"about":[{"href":"https:\/\/www.messinaoggi.it\/website\/wp-json\/wp\/v2\/types\/post"}],"author":[{"embeddable":true,"href":"https:\/\/www.messinaoggi.it\/website\/wp-json\/wp\/v2\/users\/18"}],"replies":[{"embeddable":true,"href":"https:\/\/www.messinaoggi.it\/website\/wp-json\/wp\/v2\/comments?post=255729"}],"version-history":[{"count":1,"href":"https:\/\/www.messinaoggi.it\/website\/wp-json\/wp\/v2\/posts\/255729\/revisions"}],"predecessor-version":[{"id":255737,"href":"https:\/\/www.messinaoggi.it\/website\/wp-json\/wp\/v2\/posts\/255729\/revisions\/255737"}],"wp:featuredmedia":[{"embeddable":true,"href":"https:\/\/www.messinaoggi.it\/website\/wp-json\/wp\/v2\/media\/255730"}],"wp:attachment":[{"href":"https:\/\/www.messinaoggi.it\/website\/wp-json\/wp\/v2\/media?parent=255729"}],"wp:term":[{"taxonomy":"category","embeddable":true,"href":"https:\/\/www.messinaoggi.it\/website\/wp-json\/wp\/v2\/categories?post=255729"},{"taxonomy":"post_tag","embeddable":true,"href":"https:\/\/www.messinaoggi.it\/website\/wp-json\/wp\/v2\/tags?post=255729"}],"curies":[{"name":"wp","href":"https:\/\/api.w.org\/{rel}","templated":true}]}}