{"id":255721,"date":"2025-11-27T19:06:59","date_gmt":"2025-11-27T18:06:59","guid":{"rendered":"https:\/\/www.messinaoggi.it\/website\/2025\/11\/27\/il-papa-ad-ankara-la-turchia-sia-fattore-di-stabilita-per-pace-giusta\/"},"modified":"2025-11-27T19:06:59","modified_gmt":"2025-11-27T18:06:59","slug":"il-papa-ad-ankara-la-turchia-sia-fattore-di-stabilita-per-pace-giusta","status":"publish","type":"post","link":"https:\/\/www.messinaoggi.it\/website\/2025\/11\/27\/il-papa-ad-ankara-la-turchia-sia-fattore-di-stabilita-per-pace-giusta\/","title":{"rendered":"Il Papa ad Ankara \u201cLa Turchia sia fattore di stabilit\u00e0 per pace giusta\u201d"},"content":{"rendered":"<div>ANKARA (TURCHIA) (ITALPRESS) &#8211; &#8220;Possa la Turchia essere un fattore di stabilit\u00e0 e di avvicinamento fra i popoli, a servizio di una pace giusta e duratura&#8221;. E&#8217; l&#8217;auspicio espresso da Papa Leone XIV, nel corso della sua visita ad Ankara, davanti a numerose autorit\u00e0, tra cui il presidente turco Recep Tayyip Erdogan.<br \/>&#8220;La visita in Turchia di quattro Papi &#8211; Paolo VI nel 1967, Giovanni Paolo II nel 1979, Benedetto XVI nel 2006 e Francesco nel 2014 &#8211; attesta che la Santa Sede non solo mantiene buone relazioni con la Repubblica di Turchia, ma desidera cooperare a costruire un mondo migliore con l&#8217;apporto di questo Paese, che costituisce un ponte tra Est e Ovest, tra Asia ed Europa, e un crocevia di culture e religioni &#8211; ha sottolineato il Pontefice -. L&#8217;occasione stessa di questo viaggio, il 1700\u00b0 anniversario del Concilio di Nicea, ci parla di incontro e di dialogo, come pure il fatto che i primi otto Concili ecumenici si tennero nelle terre dell&#8217;attuale Turchia. Oggi pi\u00f9 che mai c&#8217;\u00e8 bisogno di personalit\u00e0 che favoriscano il dialogo e lo pratichino con ferma volont\u00e0 e paziente tenacia. Dopo la stagione della costruzione delle grandi organizzazioni internazionali, seguita alle tragedie delle due guerre mondiali, stiamo attraversando una fase fortemente conflittuale a livello globale, in cui prevalgono strategie di potere economico e militare, alimentando quella che Papa Francesco chiamava &#8220;terza guerra mondiale a pezzi&#8221;. Non bisogna cedere in alcun modo a questa deriva! Ne va del futuro  dell&#8217;umanit\u00e0. Perch\u00e8 le energie e le risorse assorbite da questa dinamica distruttiva sono sottratte alle vere sfide che la famiglia umana oggi dovrebbe affrontare invece unita, cio\u00e8 la pace, la lotta contro la fame e la miseria, per la salute e l&#8217;educazione e per la salvaguardia del creato&#8221;.<br \/>&#8220;La Santa Sede, con la sua sola forza, che \u00e8 quella spirituale e morale, desidera cooperare con tutte le Nazioni che hanno a cuore lo sviluppo integrale di ogni uomo e di tutti gli uomini e le donne. Camminiamo insieme, allora, nella verit\u00e0 e nell&#8217;amicizia, confidando umilmente nell&#8217;aiuto di Dio&#8221;, ha sottolineato.<br \/>Per Leone XIV la Turchia &#8220;ha un posto importante nel presente e nel futuro del Mediterraneo e del mondo intero, anzitutto valorizzando le vostre interne diversit\u00e0&#8221;.<br \/>&#8220;Giustizia e misericordia sfidano la legge della forza e osano chiedere che la compassione e la solidariet\u00e0 siano considerate criteri di sviluppo. Per questo, in una societ\u00e0 come quella turca, dove la religione ha un ruolo visibile, \u00e8 fondamentale onorare la dignit\u00e0 e la libert\u00e0 di tutti i figli di Dio &#8211; ha aggiunto -: uomini e donne, connazionali e stranieri, poveri e ricchi. Tutti siamo figli di Dio e questo ha conseguenze personali, sociali e politiche. Chi ha un cuore docile al volere di Dio promuover\u00e0 sempre il bene comune e il rispetto per tutti. Oggi questa \u00e8 una grande sfida, che deve rimodellare le politiche locali e le relazioni internazionali, specialmente davanti a un&#8217;evoluzione tecnologica che potrebbe altrimenti accentuare le ingiustizie, invece di contribuire a dissolverle. Persino le intelligenze artificiali, infatti, riproducono le nostre preferenze e accelerano i processi che, a ben vedere, non sono le macchine, ma \u00e8 l&#8217;umanit\u00e0 ad avere intrapreso. Lavoriamo dunque insieme, per modificare la traiettoria dello sviluppo e per riparare i danni gi\u00e0 inferti all&#8217;unit\u00e0 della famiglia umana&#8221;.<div id=\"div-gpt-ad-Messinaoggi.it-DSK-300x250-corpoart\" style=\"text-align:center;margin:0 auto;\"><\/div><\/p>\n<p>&#8211; Foto IPA Agency &#8211;<div id=\"videoincontent\" style=\"clear:both\";><\/div><\/p>\n<p>(ITALPRESS).<\/p><\/div>\n","protected":false},"excerpt":{"rendered":"<p>ANKARA (TURCHIA) (ITALPRESS) &#8211; &#8220;Possa la Turchia essere un fattore di stabilit\u00e0 e di avvicinamento fra i popoli, a servizio di una pace giusta e duratura&#8221;. E&#8217; l&#8217;auspicio espresso da Papa Leone XIV, nel corso della sua visita ad Ankara, davanti a numerose autorit\u00e0, tra cui il presidente turco Recep Tayyip Erdogan.&#8220;La visita in Turchia [&hellip;]<\/p>\n","protected":false},"author":18,"featured_media":255722,"comment_status":"closed","ping_status":"closed","sticky":false,"template":"","format":"standard","meta":{"ub_ctt_via":"","_mi_skip_tracking":false},"categories":[446],"tags":[783],"featured_image_src":"https:\/\/www.messinaoggi.it\/website\/wp-content\/uploads\/2025\/11\/20251127_2451.jpg","author_info":{"display_name":"Admin","author_link":"https:\/\/www.messinaoggi.it\/website\/author\/admin\/"},"digistream_id":0,"digistream":false,"_links":{"self":[{"href":"https:\/\/www.messinaoggi.it\/website\/wp-json\/wp\/v2\/posts\/255721"}],"collection":[{"href":"https:\/\/www.messinaoggi.it\/website\/wp-json\/wp\/v2\/posts"}],"about":[{"href":"https:\/\/www.messinaoggi.it\/website\/wp-json\/wp\/v2\/types\/post"}],"author":[{"embeddable":true,"href":"https:\/\/www.messinaoggi.it\/website\/wp-json\/wp\/v2\/users\/18"}],"replies":[{"embeddable":true,"href":"https:\/\/www.messinaoggi.it\/website\/wp-json\/wp\/v2\/comments?post=255721"}],"version-history":[{"count":0,"href":"https:\/\/www.messinaoggi.it\/website\/wp-json\/wp\/v2\/posts\/255721\/revisions"}],"wp:featuredmedia":[{"embeddable":true,"href":"https:\/\/www.messinaoggi.it\/website\/wp-json\/wp\/v2\/media\/255722"}],"wp:attachment":[{"href":"https:\/\/www.messinaoggi.it\/website\/wp-json\/wp\/v2\/media?parent=255721"}],"wp:term":[{"taxonomy":"category","embeddable":true,"href":"https:\/\/www.messinaoggi.it\/website\/wp-json\/wp\/v2\/categories?post=255721"},{"taxonomy":"post_tag","embeddable":true,"href":"https:\/\/www.messinaoggi.it\/website\/wp-json\/wp\/v2\/tags?post=255721"}],"curies":[{"name":"wp","href":"https:\/\/api.w.org\/{rel}","templated":true}]}}