{"id":255705,"date":"2025-11-27T19:06:46","date_gmt":"2025-11-27T18:06:46","guid":{"rendered":"https:\/\/www.messinaoggi.it\/website\/2025\/11\/27\/ucraina-crosetto-non-so-cosa-pensi-putin-speriamo-voglia-trattare\/"},"modified":"2025-11-27T19:06:46","modified_gmt":"2025-11-27T18:06:46","slug":"ucraina-crosetto-non-so-cosa-pensi-putin-speriamo-voglia-trattare","status":"publish","type":"post","link":"https:\/\/www.messinaoggi.it\/website\/2025\/11\/27\/ucraina-crosetto-non-so-cosa-pensi-putin-speriamo-voglia-trattare\/","title":{"rendered":"Ucraina, Crosetto \u201cNon so cosa pensi Putin, speriamo voglia trattare\u201d"},"content":{"rendered":"<div>ROMA (ITALPRESS) &#8211; &#8220;Non so cosa abbia in testa Putin, noi ci auguriamo che questa volta la Russia voglia veramente sedersi al tavolo e trattare. Ma se guardiamo quello che sta succedendo io non sono ottimista, perch\u00e8 vedo che Putin sta continuando ad arruolare militari, sta aumentando le riserve e gli investimenti in armamenti per l&#8217;industria della difesa. Vediamo se nelle prossime settimane, non ci vorr\u00e0 molto tempo per capirlo, c&#8217;\u00e8 una reale intenzione di Putin. Mi auguro di s\u00ec, se ci sar\u00e0 l&#8217;Italia far\u00e0 la sua parte in Ucraina ma la parte non \u00e8 l&#8217;invio di truppe, perch\u00e8 se noi non costruiamo la certezza che l&#8217;Ucraina non debba pi\u00f9 subire un&#8217;invasione, non avremo costruito un piano di pace&#8221;. <br \/>Lo ha detto il ministro della Difesa, Guido Crosetto, durante un punto stampa tenuto all&#8217;ambasciata d&#8217;Italia a Parigi.<br \/>Per Crosetto la pace &#8220;dev&#8217;essere garantita dalla sicurezza che tutto il mondo d\u00e0 all&#8217;Ucraina che la Russia non entrer\u00e0 mai pi\u00f9 nel territorio ucraino, ma non sono garanzie che possono dare gli europei. Gli europei possono dare garanzie per sostenere nei prossimi anni le forze armate ucraine perch\u00e8 l&#8217;Ucraina non avr\u00e0 le condizioni economiche interne per sostenerle e avr\u00e0 bisogno di un aiuto dell&#8217;Europa per sostenere la propria ripresa. Quindi il compito della comunit\u00e0 internazionale, ma a quel punto non basta l&#8217;Europa e io da sempre dico che dev&#8217;essere l&#8217;Onu, \u00e8 quello di creare le condizioni in Ucraina e in Russia perch\u00e8 l&#8217;economia di guerra possa essere distrutta e sostituita da una di pace e di crescita. Solo cos\u00ec facciamo un percorso di pace che pu\u00f2 avere uno sviluppo per 10 anni, alrimenti saremo destinati ad avere delle crisi internazionali a brevissimo tempo&#8221;, ha concluso il ministro.<br \/>(ITALPRESS).<br \/>-Foto: Ipa Agency-<\/div>\n<div id=\"div-gpt-ad-Messinaoggi.it-DSK-300x250-corpoart\" style=\"text-align:center;margin:0 auto;\"><\/div><\/p><div id=\"videoincontent\" style=\"clear:both\";><\/div>","protected":false},"excerpt":{"rendered":"<p>ROMA (ITALPRESS) &#8211; &#8220;Non so cosa abbia in testa Putin, noi ci auguriamo che questa volta la Russia voglia veramente sedersi al tavolo e trattare. Ma se guardiamo quello che sta succedendo io non sono ottimista, perch\u00e8 vedo che Putin sta continuando ad arruolare militari, sta aumentando le riserve e gli investimenti in armamenti per [&hellip;]<\/p>\n","protected":false},"author":18,"featured_media":255706,"comment_status":"closed","ping_status":"closed","sticky":false,"template":"","format":"standard","meta":{"ub_ctt_via":"","_mi_skip_tracking":false},"categories":[446],"tags":[783],"featured_image_src":"https:\/\/www.messinaoggi.it\/website\/wp-content\/uploads\/2025\/11\/20251127_2174.jpg","author_info":{"display_name":"Admin","author_link":"https:\/\/www.messinaoggi.it\/website\/author\/admin\/"},"digistream_id":0,"digistream":false,"_links":{"self":[{"href":"https:\/\/www.messinaoggi.it\/website\/wp-json\/wp\/v2\/posts\/255705"}],"collection":[{"href":"https:\/\/www.messinaoggi.it\/website\/wp-json\/wp\/v2\/posts"}],"about":[{"href":"https:\/\/www.messinaoggi.it\/website\/wp-json\/wp\/v2\/types\/post"}],"author":[{"embeddable":true,"href":"https:\/\/www.messinaoggi.it\/website\/wp-json\/wp\/v2\/users\/18"}],"replies":[{"embeddable":true,"href":"https:\/\/www.messinaoggi.it\/website\/wp-json\/wp\/v2\/comments?post=255705"}],"version-history":[{"count":0,"href":"https:\/\/www.messinaoggi.it\/website\/wp-json\/wp\/v2\/posts\/255705\/revisions"}],"wp:featuredmedia":[{"embeddable":true,"href":"https:\/\/www.messinaoggi.it\/website\/wp-json\/wp\/v2\/media\/255706"}],"wp:attachment":[{"href":"https:\/\/www.messinaoggi.it\/website\/wp-json\/wp\/v2\/media?parent=255705"}],"wp:term":[{"taxonomy":"category","embeddable":true,"href":"https:\/\/www.messinaoggi.it\/website\/wp-json\/wp\/v2\/categories?post=255705"},{"taxonomy":"post_tag","embeddable":true,"href":"https:\/\/www.messinaoggi.it\/website\/wp-json\/wp\/v2\/tags?post=255705"}],"curies":[{"name":"wp","href":"https:\/\/api.w.org\/{rel}","templated":true}]}}