{"id":255697,"date":"2025-11-27T18:33:47","date_gmt":"2025-11-27T17:33:47","guid":{"rendered":"http:\/\/www.messinaoggi.it\/website\/?p=255697"},"modified":"2025-11-27T18:33:54","modified_gmt":"2025-11-27T17:33:54","slug":"ponte-german-lega-la-cgil-pensa-ai-lavoratori","status":"publish","type":"post","link":"https:\/\/www.messinaoggi.it\/website\/2025\/11\/27\/ponte-german-lega-la-cgil-pensa-ai-lavoratori\/","title":{"rendered":"Ponte, German (Lega): &#8220;La Cgil pensa ai lavoratori?&#8221;"},"content":{"rendered":"\n<p>\u201cLa Cgil manca di rispetto al lavoro e ai lavoratori in nome di una miserevole propaganda \u2018no Ponte\u2019.  Landini non fa altro che pensare a scioperi a danno del Paese e di milioni di italiani e annuncia la partecipazione alla manifestazione No Ponte che ci sar\u00e0 sabato a Messina. Di lavoro non se ne parla, lo andasse a raccontare agli oltre 15 mila candidati che, in poco pi\u00f9 di un mese, hanno fatto domanda di poter lavorare per la realizzazione del Ponte sullo Stretto di Messina. Come pu\u00f2 un sindacato ignorare questo fenomeno? Questa \u00e8 economia reale per il territorio, non chiacchiere. In tutti i Paesi dove sono stati realizzati grandi collegamenti alternativi ai servizi di traghettamento, la riprotezione del personale marittimo \u00e8 stata adeguatamente gestita e risolta con un\u2019opportuna pianificazione degli interventi di riconversione e riallocazione delle risorse nell\u2019arco del periodo di costruzione\u201d.Cos\u00ec Nino German\u00e0, vicepresidente dei senatori della Lega al Senato.<div id=\"div-gpt-ad-Messinaoggi.it-DSK-300x250-corpoart\" style=\"text-align:center;margin:0 auto;\"><\/div><\/p>\n<div id=\"videoincontent\" style=\"clear:both\";><\/div>","protected":false},"excerpt":{"rendered":"<p>\u201cLa Cgil manca di rispetto al lavoro e ai lavoratori in nome di una miserevole propaganda \u2018no Ponte\u2019. Landini non fa altro che pensare a scioperi a danno del Paese e di milioni di italiani e annuncia la partecipazione alla manifestazione No Ponte che ci sar\u00e0 sabato a Messina. Di lavoro non se ne parla, [&hellip;]<\/p>\n","protected":false},"author":2,"featured_media":204524,"comment_status":"open","ping_status":"open","sticky":false,"template":"","format":"standard","meta":{"ub_ctt_via":"","_mi_skip_tracking":false},"categories":[6],"tags":[967,2591,1082,7397,630],"featured_image_src":"https:\/\/www.messinaoggi.it\/website\/wp-content\/uploads\/2024\/07\/450559969_7947596902005179_4102989632802485135_n.jpg","author_info":{"display_name":"Redazione","author_link":"https:\/\/www.messinaoggi.it\/website\/author\/redazione\/"},"digistream_id":0,"digistream":false,"_links":{"self":[{"href":"https:\/\/www.messinaoggi.it\/website\/wp-json\/wp\/v2\/posts\/255697"}],"collection":[{"href":"https:\/\/www.messinaoggi.it\/website\/wp-json\/wp\/v2\/posts"}],"about":[{"href":"https:\/\/www.messinaoggi.it\/website\/wp-json\/wp\/v2\/types\/post"}],"author":[{"embeddable":true,"href":"https:\/\/www.messinaoggi.it\/website\/wp-json\/wp\/v2\/users\/2"}],"replies":[{"embeddable":true,"href":"https:\/\/www.messinaoggi.it\/website\/wp-json\/wp\/v2\/comments?post=255697"}],"version-history":[{"count":1,"href":"https:\/\/www.messinaoggi.it\/website\/wp-json\/wp\/v2\/posts\/255697\/revisions"}],"predecessor-version":[{"id":255698,"href":"https:\/\/www.messinaoggi.it\/website\/wp-json\/wp\/v2\/posts\/255697\/revisions\/255698"}],"wp:featuredmedia":[{"embeddable":true,"href":"https:\/\/www.messinaoggi.it\/website\/wp-json\/wp\/v2\/media\/204524"}],"wp:attachment":[{"href":"https:\/\/www.messinaoggi.it\/website\/wp-json\/wp\/v2\/media?parent=255697"}],"wp:term":[{"taxonomy":"category","embeddable":true,"href":"https:\/\/www.messinaoggi.it\/website\/wp-json\/wp\/v2\/categories?post=255697"},{"taxonomy":"post_tag","embeddable":true,"href":"https:\/\/www.messinaoggi.it\/website\/wp-json\/wp\/v2\/tags?post=255697"}],"curies":[{"name":"wp","href":"https:\/\/api.w.org\/{rel}","templated":true}]}}